{"id":18363,"date":"2019-03-20T14:29:00","date_gmt":"2019-03-20T14:29:00","guid":{"rendered":"https:\/\/sertv.gob.pa\/crisolfm\/?p=18363"},"modified":"2019-03-20T14:29:00","modified_gmt":"2019-03-20T14:29:00","slug":"foro-capac-2019","status":"publish","type":"post","link":"https:\/\/sertv.gob.pa\/crisolfm\/foro-capac-2019\/","title":{"rendered":"Foro Capac 2019"},"content":{"rendered":"<p>La C\u00e1mara Paname\u00f1a de la Construcci\u00f3n (Capac) organiza, en coordinaci\u00f3n con el Ministerio de Vivienda y Ordenamiento Territorial (Miviot), el Foro Capac 2019 que para este a\u00f1o cuenta con el lema \u2018Planificaci\u00f3n, urbanismo e infraestructura&#8217;.<\/p>\n<p>En el encuentro se expondr\u00e1 la importancia de institucionalizar la planificaci\u00f3n de la infraestructura p\u00fablica, para que la ejecuci\u00f3n de las obras est\u00e9 vinculada a las prioridades del desarrollo econ\u00f3mico, social y sostenible de las ciudades. El foro se llevar\u00e1 a cabo el 4 de abril de 2019 en el sal\u00f3n Campo Alegre del Hotel Marriott, de 8:00 de la ma\u00f1ana a 5:00 de la tarde.<\/p>\n","protected":false},"excerpt":{"rendered":"<p>La C\u00e1mara Paname\u00f1a de la Construcci\u00f3n (Capac) organiza, en coordinaci\u00f3n <a href=\"https:\/\/sertv.gob.pa\/crisolfm\/foro-capac-2019\/\"> [&#8230;]<\/a><\/p>\n","protected":false},"author":64,"featured_media":18365,"comment_status":"closed","ping_status":"closed","sticky":false,"template":"","format":"standard","meta":{"footnotes":""},"categories":[6],"tags":[],"class_list":["post-18363","post","type-post","status-publish","format-standard","has-post-thumbnail","hentry","category-culturales"],"_links":{"self":[{"href":"https:\/\/sertv.gob.pa\/crisolfm\/wp-json\/wp\/v2\/posts\/18363","targetHints":{"allow":["GET"]}}],"collection":[{"href":"https:\/\/sertv.gob.pa\/crisolfm\/wp-json\/wp\/v2\/posts"}],"about":[{"href":"https:\/\/sertv.gob.pa\/crisolfm\/wp-json\/wp\/v2\/types\/post"}],"author":[{"embeddable":true,"href":"https:\/\/sertv.gob.pa\/crisolfm\/wp-json\/wp\/v2\/users\/64"}],"replies":[{"embeddable":true,"href":"https:\/\/sertv.gob.pa\/crisolfm\/wp-json\/wp\/v2\/comments?post=18363"}],"version-history":[{"count":1,"href":"https:\/\/sertv.gob.pa\/crisolfm\/wp-json\/wp\/v2\/posts\/18363\/revisions"}],"predecessor-version":[{"id":18366,"href":"https:\/\/sertv.gob.pa\/crisolfm\/wp-json\/wp\/v2\/posts\/18363\/revisions\/18366"}],"wp:featuredmedia":[{"embeddable":true,"href":"https:\/\/sertv.gob.pa\/crisolfm\/wp-json\/wp\/v2\/media\/18365"}],"wp:attachment":[{"href":"https:\/\/sertv.gob.pa\/crisolfm\/wp-json\/wp\/v2\/media?parent=18363"}],"wp:term":[{"taxonomy":"category","embeddable":true,"href":"https:\/\/sertv.gob.pa\/crisolfm\/wp-json\/wp\/v2\/categories?post=18363"},{"taxonomy":"post_tag","embeddable":true,"href":"https:\/\/sertv.gob.pa\/crisolfm\/wp-json\/wp\/v2\/tags?post=18363"}],"curies":[{"name":"wp","href":"https:\/\/api.w.org\/{rel}","templated":true}]}}