{"id":18379,"date":"2019-03-20T15:28:11","date_gmt":"2019-03-20T15:28:11","guid":{"rendered":"https:\/\/sertv.gob.pa\/crisolfm\/?p=18379"},"modified":"2019-03-20T15:28:11","modified_gmt":"2019-03-20T15:28:11","slug":"reducir-el-uso-de-pesticidas-es-un-deber-y-obligacion","status":"publish","type":"post","link":"https:\/\/sertv.gob.pa\/crisolfm\/reducir-el-uso-de-pesticidas-es-un-deber-y-obligacion\/","title":{"rendered":"Reducir el uso de pesticidas es un deber y obligaci\u00f3n"},"content":{"rendered":"<p><strong>Con motivo de la Semana sin Pesticidas<\/strong>, una campa\u00f1a internacional que se desarrolla del 20 al 30 de marzo de 2019, Ecologistas en Acci\u00f3n reclama a todas las administraciones competentes y a los diferentes partidos pol\u00edticos que se comprometan a aprobar un plan para reducir en al menos un 50 % el empleo de pesticidas antes de que finalice la siguiente legislatura, es decir, como m\u00e1ximo en 2023.<\/p>\n<p><em>Espa\u00f1a es el pa\u00eds europeo l\u00edder en consumo de pesticidas<\/em>, con un aumento anual continuado del 5 % desde 2011. Solo en 2016 se vendieron m\u00e1s de 76.000 toneladas de pesticidas en nuestro pa\u00eds, lo que supone 1,65 kg de pesticidas por persona. El elevado uso de pesticidas explica, al menos en parte, la elevada presencia de estas sustancias en nuestra comida y r\u00edos, como revelan dos estudios recientes de Ecologistas en Acci\u00f3n. En 2015, la mitad de las frutas y hortalizas a la venta en Espa\u00f1a ten\u00edan residuos de alg\u00fan plaguicida, 38 de los cuales eran sustancias con capacidad de alterar el sistema hormonal. En los r\u00edos tambi\u00e9n se comprueba la amplia presencia de plaguicidas. Concretamente en 2016, se detectaron 46 plaguicidas en los r\u00edos espa\u00f1oles, de los que 26 son disruptores endocrinos.<\/p>\n<p>Estos datos son especialmente preocupantes si tenemos en cuenta <strong>la relaci\u00f3n que existe entre los pesticidas<\/strong>, la p\u00e9rdida de biodiversidad, especialmente de insectos y las afecciones a la salud humana.<\/p>\n<p>&nbsp;<\/p>\n<p>ECOticias<\/p>\n","protected":false},"excerpt":{"rendered":"<p>Con motivo de la Semana sin Pesticidas, una campa\u00f1a internacional <a href=\"https:\/\/sertv.gob.pa\/crisolfm\/reducir-el-uso-de-pesticidas-es-un-deber-y-obligacion\/\"> [&#8230;]<\/a><\/p>\n","protected":false},"author":64,"featured_media":18381,"comment_status":"closed","ping_status":"closed","sticky":false,"template":"","format":"standard","meta":{"footnotes":""},"categories":[7],"tags":[],"class_list":["post-18379","post","type-post","status-publish","format-standard","has-post-thumbnail","hentry","category-ecologicas"],"_links":{"self":[{"href":"https:\/\/sertv.gob.pa\/crisolfm\/wp-json\/wp\/v2\/posts\/18379","targetHints":{"allow":["GET"]}}],"collection":[{"href":"https:\/\/sertv.gob.pa\/crisolfm\/wp-json\/wp\/v2\/posts"}],"about":[{"href":"https:\/\/sertv.gob.pa\/crisolfm\/wp-json\/wp\/v2\/types\/post"}],"author":[{"embeddable":true,"href":"https:\/\/sertv.gob.pa\/crisolfm\/wp-json\/wp\/v2\/users\/64"}],"replies":[{"embeddable":true,"href":"https:\/\/sertv.gob.pa\/crisolfm\/wp-json\/wp\/v2\/comments?post=18379"}],"version-history":[{"count":1,"href":"https:\/\/sertv.gob.pa\/crisolfm\/wp-json\/wp\/v2\/posts\/18379\/revisions"}],"predecessor-version":[{"id":18382,"href":"https:\/\/sertv.gob.pa\/crisolfm\/wp-json\/wp\/v2\/posts\/18379\/revisions\/18382"}],"wp:featuredmedia":[{"embeddable":true,"href":"https:\/\/sertv.gob.pa\/crisolfm\/wp-json\/wp\/v2\/media\/18381"}],"wp:attachment":[{"href":"https:\/\/sertv.gob.pa\/crisolfm\/wp-json\/wp\/v2\/media?parent=18379"}],"wp:term":[{"taxonomy":"category","embeddable":true,"href":"https:\/\/sertv.gob.pa\/crisolfm\/wp-json\/wp\/v2\/categories?post=18379"},{"taxonomy":"post_tag","embeddable":true,"href":"https:\/\/sertv.gob.pa\/crisolfm\/wp-json\/wp\/v2\/tags?post=18379"}],"curies":[{"name":"wp","href":"https:\/\/api.w.org\/{rel}","templated":true}]}}