{"id":18383,"date":"2019-03-20T15:36:41","date_gmt":"2019-03-20T15:36:41","guid":{"rendered":"https:\/\/sertv.gob.pa\/crisolfm\/?p=18383"},"modified":"2019-03-20T15:36:41","modified_gmt":"2019-03-20T15:36:41","slug":"recital-de-sonidos-clasicos-en-la-iglesia-de-san-jose-en-el-casco-antiguo","status":"publish","type":"post","link":"https:\/\/sertv.gob.pa\/crisolfm\/recital-de-sonidos-clasicos-en-la-iglesia-de-san-jose-en-el-casco-antiguo\/","title":{"rendered":"Recital de sonidos cl\u00e1sicos en la iglesia de San Jos\u00e9, en el Casco Antiguo"},"content":{"rendered":"<p>El colectivo nacional Consort-Musik comenzar\u00e1 su temporada 2019 con un concierto este <strong>domingo 24 de marzo, a las 5:00 p.m.<\/strong>, en la iglesia de San Jos\u00e9, en el Casco Antiguo de la ciudad de Panam\u00e1. Tendr\u00e1 como solista invitado al violinista estadounidense Noel Martin, \u201cm\u00fasico con una amplia trayectoria y quien estar\u00e1 interpretando\u00a0<a href=\"http:\/\/www.prensa.com\/tema\/musica\/\" target=\"_blank\" rel=\"noopener\">m\u00fasica<\/a> de compositores italianos del periodo barroco como Antonio Vivaldi y Francesco Geminiani. Entre las obras que interpretar\u00e1 est\u00e1 la primera colecci\u00f3n de conciertos de Antonio Vivaldi, conciertos para viol\u00edn del Op. 3, obra conocida como <strong>L\u2019 estro Armonico o Inspiraci\u00f3n arm\u00f3nica. L\u2019 estro Armonico,<\/strong> se cree fue publicada por primera vez alrededor de 1702\u201d, se\u00f1ala un comunicado de prensa.<\/p>\n<p>Igualmente se interpretar\u00e1 <strong>La Folia<\/strong>, de Francesco Geminiani, compositor italiano del siglo XVIII, \u201cquien contribuy\u00f3 significativamente al posterior estudio de la m\u00fasica del barroco tard\u00edo. Los artistas que estar\u00e1n a cargo de este concierto son Noel Martin (viol\u00edn solista), Ruth Garc\u00eda (viol\u00edn), Vianeth Garc\u00eda (viol\u00edn), Keren Espinoza (viol\u00edn), Jos\u00e9 Pabuense (viola), Renzo S\u00e1nchez (viola), Karina N\u00fa\u00f1ez (violoncello), Ricardo Z\u00fa\u00f1iga (contrabajo) y Paola Cuellar (clavec\u00edn)\u201d.<\/p>\n<p>&nbsp;<\/p>\n","protected":false},"excerpt":{"rendered":"<p>El colectivo nacional Consort-Musik comenzar\u00e1 su temporada 2019 con un <a href=\"https:\/\/sertv.gob.pa\/crisolfm\/recital-de-sonidos-clasicos-en-la-iglesia-de-san-jose-en-el-casco-antiguo\/\"> [&#8230;]<\/a><\/p>\n","protected":false},"author":64,"featured_media":18385,"comment_status":"closed","ping_status":"closed","sticky":false,"template":"","format":"standard","meta":{"footnotes":""},"categories":[6],"tags":[],"class_list":["post-18383","post","type-post","status-publish","format-standard","has-post-thumbnail","hentry","category-culturales"],"_links":{"self":[{"href":"https:\/\/sertv.gob.pa\/crisolfm\/wp-json\/wp\/v2\/posts\/18383","targetHints":{"allow":["GET"]}}],"collection":[{"href":"https:\/\/sertv.gob.pa\/crisolfm\/wp-json\/wp\/v2\/posts"}],"about":[{"href":"https:\/\/sertv.gob.pa\/crisolfm\/wp-json\/wp\/v2\/types\/post"}],"author":[{"embeddable":true,"href":"https:\/\/sertv.gob.pa\/crisolfm\/wp-json\/wp\/v2\/users\/64"}],"replies":[{"embeddable":true,"href":"https:\/\/sertv.gob.pa\/crisolfm\/wp-json\/wp\/v2\/comments?post=18383"}],"version-history":[{"count":1,"href":"https:\/\/sertv.gob.pa\/crisolfm\/wp-json\/wp\/v2\/posts\/18383\/revisions"}],"predecessor-version":[{"id":18386,"href":"https:\/\/sertv.gob.pa\/crisolfm\/wp-json\/wp\/v2\/posts\/18383\/revisions\/18386"}],"wp:featuredmedia":[{"embeddable":true,"href":"https:\/\/sertv.gob.pa\/crisolfm\/wp-json\/wp\/v2\/media\/18385"}],"wp:attachment":[{"href":"https:\/\/sertv.gob.pa\/crisolfm\/wp-json\/wp\/v2\/media?parent=18383"}],"wp:term":[{"taxonomy":"category","embeddable":true,"href":"https:\/\/sertv.gob.pa\/crisolfm\/wp-json\/wp\/v2\/categories?post=18383"},{"taxonomy":"post_tag","embeddable":true,"href":"https:\/\/sertv.gob.pa\/crisolfm\/wp-json\/wp\/v2\/tags?post=18383"}],"curies":[{"name":"wp","href":"https:\/\/api.w.org\/{rel}","templated":true}]}}