{"id":18387,"date":"2019-03-20T18:34:21","date_gmt":"2019-03-20T18:34:21","guid":{"rendered":"https:\/\/sertv.gob.pa\/crisolfm\/?p=18387"},"modified":"2019-03-20T18:34:21","modified_gmt":"2019-03-20T18:34:21","slug":"por-fuerte-oleaje-emiten-aviso-de-prevencion-para-la-costa-del-pacifico-panameno","status":"publish","type":"post","link":"https:\/\/sertv.gob.pa\/crisolfm\/por-fuerte-oleaje-emiten-aviso-de-prevencion-para-la-costa-del-pacifico-panameno\/","title":{"rendered":"Por fuerte oleaje emiten aviso de prevenci\u00f3n para la costa del Pac\u00edfico paname\u00f1o"},"content":{"rendered":"<p>El\u00a0<a href=\"https:\/\/www.prensa.com\/tema\/sinaproc_-sistema_nacional_de_proteccion_civil\/\" target=\"_blank\" rel=\"noopener\">Sistema Nacional de Protecci\u00f3n Civil (Sinaproc)<\/a> inform\u00f3 la ma\u00f1ana de este mi\u00e9rcoles 20 de marzo que existe un aviso de prevenci\u00f3n para la costa del Pac\u00edfico paname\u00f1o debido a un fuerte oleaje. Este aviso de prevenci\u00f3n estar\u00e1 vigente desde hoy mi\u00e9rcoles 20 de marzo hasta el 25 de marzo, en todo el litoral del Pac\u00edfico de Panam\u00e1.<\/p>\n<p><strong>Para este viernes 22 de marzo, de acuerdo con el Sinaproc, podr\u00edan presentarse olas que alcancen los 17.7 pies (5.40 metros).\u00a0<\/strong>Por esta situaci\u00f3n, el personal del Centro de Operaciones de Emergencia se mantendr\u00e1 efectuando monitoreos en las \u00e1reas vulnerables del pa\u00eds.<\/p>\n<p>&nbsp;<\/p>\n","protected":false},"excerpt":{"rendered":"<p>El\u00a0Sistema Nacional de Protecci\u00f3n Civil (Sinaproc) inform\u00f3 la ma\u00f1ana de <a href=\"https:\/\/sertv.gob.pa\/crisolfm\/por-fuerte-oleaje-emiten-aviso-de-prevencion-para-la-costa-del-pacifico-panameno\/\"> [&#8230;]<\/a><\/p>\n","protected":false},"author":64,"featured_media":18389,"comment_status":"closed","ping_status":"closed","sticky":false,"template":"","format":"standard","meta":{"footnotes":""},"categories":[7],"tags":[],"class_list":["post-18387","post","type-post","status-publish","format-standard","has-post-thumbnail","hentry","category-ecologicas"],"_links":{"self":[{"href":"https:\/\/sertv.gob.pa\/crisolfm\/wp-json\/wp\/v2\/posts\/18387","targetHints":{"allow":["GET"]}}],"collection":[{"href":"https:\/\/sertv.gob.pa\/crisolfm\/wp-json\/wp\/v2\/posts"}],"about":[{"href":"https:\/\/sertv.gob.pa\/crisolfm\/wp-json\/wp\/v2\/types\/post"}],"author":[{"embeddable":true,"href":"https:\/\/sertv.gob.pa\/crisolfm\/wp-json\/wp\/v2\/users\/64"}],"replies":[{"embeddable":true,"href":"https:\/\/sertv.gob.pa\/crisolfm\/wp-json\/wp\/v2\/comments?post=18387"}],"version-history":[{"count":1,"href":"https:\/\/sertv.gob.pa\/crisolfm\/wp-json\/wp\/v2\/posts\/18387\/revisions"}],"predecessor-version":[{"id":18390,"href":"https:\/\/sertv.gob.pa\/crisolfm\/wp-json\/wp\/v2\/posts\/18387\/revisions\/18390"}],"wp:featuredmedia":[{"embeddable":true,"href":"https:\/\/sertv.gob.pa\/crisolfm\/wp-json\/wp\/v2\/media\/18389"}],"wp:attachment":[{"href":"https:\/\/sertv.gob.pa\/crisolfm\/wp-json\/wp\/v2\/media?parent=18387"}],"wp:term":[{"taxonomy":"category","embeddable":true,"href":"https:\/\/sertv.gob.pa\/crisolfm\/wp-json\/wp\/v2\/categories?post=18387"},{"taxonomy":"post_tag","embeddable":true,"href":"https:\/\/sertv.gob.pa\/crisolfm\/wp-json\/wp\/v2\/tags?post=18387"}],"curies":[{"name":"wp","href":"https:\/\/api.w.org\/{rel}","templated":true}]}}