{"id":18408,"date":"2019-03-21T14:05:34","date_gmt":"2019-03-21T14:05:34","guid":{"rendered":"https:\/\/sertv.gob.pa\/crisolfm\/?p=18408"},"modified":"2019-03-21T14:05:34","modified_gmt":"2019-03-21T14:05:34","slug":"el-dia-de-la-poesia-hoy-21-de-marzo","status":"publish","type":"post","link":"https:\/\/sertv.gob.pa\/crisolfm\/el-dia-de-la-poesia-hoy-21-de-marzo\/","title":{"rendered":"El d\u00eda de la poes\u00eda, hoy 21 de marzo"},"content":{"rendered":"<p>La poes\u00eda es una manifestaci\u00f3n de la diversidad en el di\u00e1logo, de la libre circulaci\u00f3n de las ideas por medio de la palabra, de la creatividad y de la innovaci\u00f3n. La poes\u00eda contribuye a la diversidad creativa al cuestionar de manera siempre renovada la forma en que usamos las palabras y las cosas, y nuestros modos de percibir e interpretar la realidad. Merced a sus asociaciones y met\u00e1foras y a su gram\u00e1tica singular, el lenguaje po\u00e9tico constituye, pues, otra faceta posible del di\u00e1logo entre las culturas. La <a href=\"http:\/\/portal.unesco.org\/culture\/es\/files\/19160\/10795392993Proclamaci%F3n_en_espa%F1ol.pdf\/Proclamaci%F3n%2Ben%2Bespa%F1ol.pdf\" target=\"_blank\" rel=\"noopener\">decisi\u00f3n<\/a> de proclamar el 21 de marzo como D\u00eda Mundial de la Poes\u00eda fue aprobada por la <a href=\"http:\/\/es.unesco.org\/\" target=\"_blank\" rel=\"noopener\">UNESCO<\/a> durante su 30\u00ba periodo de sesiones, que se celebr\u00f3 en Par\u00eds en 1999.<\/p>\n<p>De acuerdo con la decisi\u00f3n de la UNESCO, el principal objetivo de esta acci\u00f3n es apoyar la diversidad ling\u00fc\u00edstica a trav\u00e9s de la expresi\u00f3n po\u00e9tica y dar la oportunidad a las lenguas amenazadas de ser un veh\u00edculo de comunicaci\u00f3n art\u00edstica en sus comunidades respectivas.<\/p>\n<p>Por otra parte, este D\u00eda tiene como prop\u00f3sito promover la ense\u00f1anza de la poes\u00eda; fomentar la tradici\u00f3n oral de los recitales de po\u00e9ticos; apoyar a las peque\u00f1as editoriales; crear una imagen atractiva de la poes\u00eda en los medios de comunicaci\u00f3n para que no se considere una forma anticuada de arte, sino una v\u00eda de expresi\u00f3n que permite a las comunidades transmitir sus valores y fueros m\u00e1s internos y reafirmarse en su identidad; y restablecer el di\u00e1logo entre la poes\u00eda y las dem\u00e1s manifestaciones art\u00edsticas, como el teatro, la danza, la m\u00fasica y la pintura.<\/p>\n<p>UNESCO<\/p>\n","protected":false},"excerpt":{"rendered":"<p>La poes\u00eda es una manifestaci\u00f3n de la diversidad en el <a href=\"https:\/\/sertv.gob.pa\/crisolfm\/el-dia-de-la-poesia-hoy-21-de-marzo\/\"> [&#8230;]<\/a><\/p>\n","protected":false},"author":64,"featured_media":18410,"comment_status":"closed","ping_status":"closed","sticky":false,"template":"","format":"standard","meta":{"footnotes":""},"categories":[6],"tags":[],"class_list":["post-18408","post","type-post","status-publish","format-standard","has-post-thumbnail","hentry","category-culturales"],"_links":{"self":[{"href":"https:\/\/sertv.gob.pa\/crisolfm\/wp-json\/wp\/v2\/posts\/18408","targetHints":{"allow":["GET"]}}],"collection":[{"href":"https:\/\/sertv.gob.pa\/crisolfm\/wp-json\/wp\/v2\/posts"}],"about":[{"href":"https:\/\/sertv.gob.pa\/crisolfm\/wp-json\/wp\/v2\/types\/post"}],"author":[{"embeddable":true,"href":"https:\/\/sertv.gob.pa\/crisolfm\/wp-json\/wp\/v2\/users\/64"}],"replies":[{"embeddable":true,"href":"https:\/\/sertv.gob.pa\/crisolfm\/wp-json\/wp\/v2\/comments?post=18408"}],"version-history":[{"count":1,"href":"https:\/\/sertv.gob.pa\/crisolfm\/wp-json\/wp\/v2\/posts\/18408\/revisions"}],"predecessor-version":[{"id":18411,"href":"https:\/\/sertv.gob.pa\/crisolfm\/wp-json\/wp\/v2\/posts\/18408\/revisions\/18411"}],"wp:featuredmedia":[{"embeddable":true,"href":"https:\/\/sertv.gob.pa\/crisolfm\/wp-json\/wp\/v2\/media\/18410"}],"wp:attachment":[{"href":"https:\/\/sertv.gob.pa\/crisolfm\/wp-json\/wp\/v2\/media?parent=18408"}],"wp:term":[{"taxonomy":"category","embeddable":true,"href":"https:\/\/sertv.gob.pa\/crisolfm\/wp-json\/wp\/v2\/categories?post=18408"},{"taxonomy":"post_tag","embeddable":true,"href":"https:\/\/sertv.gob.pa\/crisolfm\/wp-json\/wp\/v2\/tags?post=18408"}],"curies":[{"name":"wp","href":"https:\/\/api.w.org\/{rel}","templated":true}]}}