{"id":18456,"date":"2019-03-22T13:35:05","date_gmt":"2019-03-22T13:35:05","guid":{"rendered":"https:\/\/sertv.gob.pa\/crisolfm\/?p=18456"},"modified":"2019-03-22T13:35:05","modified_gmt":"2019-03-22T13:35:05","slug":"en-albrook-mall-una-vez-mas-expo-carnaval-las-tablas-2019","status":"publish","type":"post","link":"https:\/\/sertv.gob.pa\/crisolfm\/en-albrook-mall-una-vez-mas-expo-carnaval-las-tablas-2019\/","title":{"rendered":"En Albrook Mall una vez m\u00e1s Expo Carnaval Las Tablas 2019"},"content":{"rendered":"<p>Los dise\u00f1os m\u00e1s hermosos que lucieron las soberanas de Calle Arriba y Calle Abajo de Las Tablas en los carnavales de este a\u00f1o, una vez m\u00e1s, podr\u00e1 apreciarlos en el pasillo del koala del Centro Comercial Albrook Mall hasta el 28 de marzo; evento que cuenta con creaciones hechas, en su mayor\u00eda por dise\u00f1adores paname\u00f1os y que lucieron Thalia Mabel Villalaz y Marianelis Vargas para las presentaciones de d\u00eda y noche, as\u00ed como las coronaciones.<\/p>\n<p>La su-bgerente del centro comercial, Eyleen Maure, asegur\u00f3 que esta es la versi\u00f3n n\u00famero 12 de la exposici\u00f3n, la cual tiene como prop\u00f3sito resaltar las tradiciones paname\u00f1as. La actividad est\u00e1 disponible al p\u00fablico en el horario del mall.<\/p>\n<p>&nbsp;<\/p>\n<p>&nbsp;<\/p>\n","protected":false},"excerpt":{"rendered":"<p>Los dise\u00f1os m\u00e1s hermosos que lucieron las soberanas de Calle <a href=\"https:\/\/sertv.gob.pa\/crisolfm\/en-albrook-mall-una-vez-mas-expo-carnaval-las-tablas-2019\/\"> [&#8230;]<\/a><\/p>\n","protected":false},"author":64,"featured_media":18458,"comment_status":"closed","ping_status":"closed","sticky":false,"template":"","format":"standard","meta":{"footnotes":""},"categories":[6],"tags":[],"class_list":["post-18456","post","type-post","status-publish","format-standard","has-post-thumbnail","hentry","category-culturales"],"_links":{"self":[{"href":"https:\/\/sertv.gob.pa\/crisolfm\/wp-json\/wp\/v2\/posts\/18456","targetHints":{"allow":["GET"]}}],"collection":[{"href":"https:\/\/sertv.gob.pa\/crisolfm\/wp-json\/wp\/v2\/posts"}],"about":[{"href":"https:\/\/sertv.gob.pa\/crisolfm\/wp-json\/wp\/v2\/types\/post"}],"author":[{"embeddable":true,"href":"https:\/\/sertv.gob.pa\/crisolfm\/wp-json\/wp\/v2\/users\/64"}],"replies":[{"embeddable":true,"href":"https:\/\/sertv.gob.pa\/crisolfm\/wp-json\/wp\/v2\/comments?post=18456"}],"version-history":[{"count":1,"href":"https:\/\/sertv.gob.pa\/crisolfm\/wp-json\/wp\/v2\/posts\/18456\/revisions"}],"predecessor-version":[{"id":18459,"href":"https:\/\/sertv.gob.pa\/crisolfm\/wp-json\/wp\/v2\/posts\/18456\/revisions\/18459"}],"wp:featuredmedia":[{"embeddable":true,"href":"https:\/\/sertv.gob.pa\/crisolfm\/wp-json\/wp\/v2\/media\/18458"}],"wp:attachment":[{"href":"https:\/\/sertv.gob.pa\/crisolfm\/wp-json\/wp\/v2\/media?parent=18456"}],"wp:term":[{"taxonomy":"category","embeddable":true,"href":"https:\/\/sertv.gob.pa\/crisolfm\/wp-json\/wp\/v2\/categories?post=18456"},{"taxonomy":"post_tag","embeddable":true,"href":"https:\/\/sertv.gob.pa\/crisolfm\/wp-json\/wp\/v2\/tags?post=18456"}],"curies":[{"name":"wp","href":"https:\/\/api.w.org\/{rel}","templated":true}]}}