{"id":18464,"date":"2019-03-22T13:59:37","date_gmt":"2019-03-22T13:59:37","guid":{"rendered":"https:\/\/sertv.gob.pa\/crisolfm\/?p=18464"},"modified":"2019-03-22T14:01:05","modified_gmt":"2019-03-22T14:01:05","slug":"hoy-inicia-el-festival-shorts-mexico-en-panama","status":"publish","type":"post","link":"https:\/\/sertv.gob.pa\/crisolfm\/hoy-inicia-el-festival-shorts-mexico-en-panama\/","title":{"rendered":"Hoy inicia el Festival Shorts M\u00e9xico en Panam\u00e1"},"content":{"rendered":"<p>La inauguraci\u00f3n del Festival Shorts M\u00e9xico, que por primera vez se presenta en Panam\u00e1, tendr\u00e1 lugar hoy, viernes 22 de marzo a las 6:00 p.m. La Embajada de M\u00e9xico en Panam\u00e1 anunci\u00f3 la presentaci\u00f3n de la muestra de los filmes ganadores del Festival Internacional de Cortometrajes de M\u00e9xico \u201cShorts M\u00e9xico\u201d 2018 en el Teatro Gladys Vidal de la Alcald\u00eda de Panam\u00e1 (Edificio El Hatillo, Av. Cuba), los d\u00edas viernes 22 y s\u00e1bado 23 de marzo de 2019. Una actividad gratuita e incluye una amplia programaci\u00f3n de cortometrajes de distintos g\u00e9neros (ficci\u00f3n, animaci\u00f3n y documental) sobre m\u00faltiples tem\u00e1ticas (comedia, conservaci\u00f3n ambiental, ciencia ficci\u00f3n, entre otros). Asimismo, los ni\u00f1os tendr\u00e1n su espacio para ver la proyecci\u00f3n de los \u201cCortitos\u201d de Shorts M\u00e9xico el s\u00e1bado 25 de marzo de 1:00 a 2:30 p.m.<\/p>\n<p>El evento cultural es certificado por la Academia Mexicana de Artes y Ciencias Cinematogr\u00e1ficas (AMACC). En sus \u00faltimas ediciones ha habido m\u00e1s de 15 mil espectadores s\u00f3lo en la Ciudad de M\u00e9xico, sin contar a la audiencia en el tour nacional e internacional a donde llega el festival, adem\u00e1s de recibir anualmente cerca de 2000 cortometrajes para selecci\u00f3n. Ha contado con participaciones de famosos directores mexicanos, como Rom\u00e1n Polanski, Alejandro Gonz\u00e1lez I\u00f1\u00e1rritu, Carlos Reygadas, Amat Escalante, Christopher Nolan, y George Lukas, entre otros.<\/p>\n","protected":false},"excerpt":{"rendered":"<p>La inauguraci\u00f3n del Festival Shorts M\u00e9xico, que por primera vez <a href=\"https:\/\/sertv.gob.pa\/crisolfm\/hoy-inicia-el-festival-shorts-mexico-en-panama\/\"> [&#8230;]<\/a><\/p>\n","protected":false},"author":64,"featured_media":18467,"comment_status":"closed","ping_status":"closed","sticky":false,"template":"","format":"standard","meta":{"footnotes":""},"categories":[6],"tags":[],"class_list":["post-18464","post","type-post","status-publish","format-standard","has-post-thumbnail","hentry","category-culturales"],"_links":{"self":[{"href":"https:\/\/sertv.gob.pa\/crisolfm\/wp-json\/wp\/v2\/posts\/18464","targetHints":{"allow":["GET"]}}],"collection":[{"href":"https:\/\/sertv.gob.pa\/crisolfm\/wp-json\/wp\/v2\/posts"}],"about":[{"href":"https:\/\/sertv.gob.pa\/crisolfm\/wp-json\/wp\/v2\/types\/post"}],"author":[{"embeddable":true,"href":"https:\/\/sertv.gob.pa\/crisolfm\/wp-json\/wp\/v2\/users\/64"}],"replies":[{"embeddable":true,"href":"https:\/\/sertv.gob.pa\/crisolfm\/wp-json\/wp\/v2\/comments?post=18464"}],"version-history":[{"count":1,"href":"https:\/\/sertv.gob.pa\/crisolfm\/wp-json\/wp\/v2\/posts\/18464\/revisions"}],"predecessor-version":[{"id":18466,"href":"https:\/\/sertv.gob.pa\/crisolfm\/wp-json\/wp\/v2\/posts\/18464\/revisions\/18466"}],"wp:featuredmedia":[{"embeddable":true,"href":"https:\/\/sertv.gob.pa\/crisolfm\/wp-json\/wp\/v2\/media\/18467"}],"wp:attachment":[{"href":"https:\/\/sertv.gob.pa\/crisolfm\/wp-json\/wp\/v2\/media?parent=18464"}],"wp:term":[{"taxonomy":"category","embeddable":true,"href":"https:\/\/sertv.gob.pa\/crisolfm\/wp-json\/wp\/v2\/categories?post=18464"},{"taxonomy":"post_tag","embeddable":true,"href":"https:\/\/sertv.gob.pa\/crisolfm\/wp-json\/wp\/v2\/tags?post=18464"}],"curies":[{"name":"wp","href":"https:\/\/api.w.org\/{rel}","templated":true}]}}