{"id":18472,"date":"2019-03-22T14:19:16","date_gmt":"2019-03-22T14:19:16","guid":{"rendered":"https:\/\/sertv.gob.pa\/crisolfm\/?p=18472"},"modified":"2019-03-22T14:19:16","modified_gmt":"2019-03-22T14:19:16","slug":"ecosur-frutas-y-verduras-ecologicas-la-revolucion-que-se-avecina","status":"publish","type":"post","link":"https:\/\/sertv.gob.pa\/crisolfm\/ecosur-frutas-y-verduras-ecologicas-la-revolucion-que-se-avecina\/","title":{"rendered":"Ecosur: &#8216;Frutas y verduras ecol\u00f3gicas, la revoluci\u00f3n que se avecina&#8217;"},"content":{"rendered":"<p>Espa\u00f1a est\u00e1 a <strong>la cabeza de la producci\u00f3n ecol\u00f3gica<\/strong> europea con m\u00e1s de 2 millones de hect\u00e1reas y ya es uno de los 10 pa\u00edses que m\u00e1s consumen productos ecol\u00f3gicos. Durante el a\u00f1o pasado los consumidores espa\u00f1oles gastaron cada d\u00eda 5 millones de euros en alimentaci\u00f3n ecol\u00f3gica. Y su crecimiento es exponencial. En concreto, Andaluc\u00eda lidera los datos producci\u00f3n y extensi\u00f3n ecol\u00f3gica en nuestro pa\u00eds con el 46% de su superficie, seg\u00fan datos de la Consejer\u00eda de Agricultura de la Junta.<\/p>\n<p>Seg\u00fan el \u00faltimo Bar\u00f3metro del Clima de Confianza Agroalimentario presentado por el Ministerio de Agricultura y Pesca (MAPA), los productos que m\u00e1s llaman la atenci\u00f3n de los consumidores son <em>los bajos en az\u00facares y grasas y los ecol\u00f3gicos<\/em>, ya que lo que m\u00e1s preocupa es que sean saludables. Seg\u00fan expertos, en los pr\u00f3ximos 10 a\u00f1os el consumidor europeo solo va a demandar fruta y verdura org\u00e1nicos. En l\u00ednea con esta preocupaci\u00f3n, el Palacio de Congresos y Exposiciones de Sevilla (FIBES) acoge esta semana la feria Biocultura, que se celebra del 22 al 24 de marzo para fomentar <em>el consumo ecol\u00f3gico y responsable<\/em>.<\/p>\n<p>ECOticias<\/p>\n","protected":false},"excerpt":{"rendered":"<p>Espa\u00f1a est\u00e1 a la cabeza de la producci\u00f3n ecol\u00f3gica europea <a href=\"https:\/\/sertv.gob.pa\/crisolfm\/ecosur-frutas-y-verduras-ecologicas-la-revolucion-que-se-avecina\/\"> [&#8230;]<\/a><\/p>\n","protected":false},"author":64,"featured_media":18475,"comment_status":"closed","ping_status":"closed","sticky":false,"template":"","format":"standard","meta":{"footnotes":""},"categories":[7],"tags":[],"class_list":["post-18472","post","type-post","status-publish","format-standard","has-post-thumbnail","hentry","category-ecologicas"],"_links":{"self":[{"href":"https:\/\/sertv.gob.pa\/crisolfm\/wp-json\/wp\/v2\/posts\/18472","targetHints":{"allow":["GET"]}}],"collection":[{"href":"https:\/\/sertv.gob.pa\/crisolfm\/wp-json\/wp\/v2\/posts"}],"about":[{"href":"https:\/\/sertv.gob.pa\/crisolfm\/wp-json\/wp\/v2\/types\/post"}],"author":[{"embeddable":true,"href":"https:\/\/sertv.gob.pa\/crisolfm\/wp-json\/wp\/v2\/users\/64"}],"replies":[{"embeddable":true,"href":"https:\/\/sertv.gob.pa\/crisolfm\/wp-json\/wp\/v2\/comments?post=18472"}],"version-history":[{"count":1,"href":"https:\/\/sertv.gob.pa\/crisolfm\/wp-json\/wp\/v2\/posts\/18472\/revisions"}],"predecessor-version":[{"id":18476,"href":"https:\/\/sertv.gob.pa\/crisolfm\/wp-json\/wp\/v2\/posts\/18472\/revisions\/18476"}],"wp:featuredmedia":[{"embeddable":true,"href":"https:\/\/sertv.gob.pa\/crisolfm\/wp-json\/wp\/v2\/media\/18475"}],"wp:attachment":[{"href":"https:\/\/sertv.gob.pa\/crisolfm\/wp-json\/wp\/v2\/media?parent=18472"}],"wp:term":[{"taxonomy":"category","embeddable":true,"href":"https:\/\/sertv.gob.pa\/crisolfm\/wp-json\/wp\/v2\/categories?post=18472"},{"taxonomy":"post_tag","embeddable":true,"href":"https:\/\/sertv.gob.pa\/crisolfm\/wp-json\/wp\/v2\/tags?post=18472"}],"curies":[{"name":"wp","href":"https:\/\/api.w.org\/{rel}","templated":true}]}}