{"id":18506,"date":"2019-03-25T14:12:34","date_gmt":"2019-03-25T14:12:34","guid":{"rendered":"https:\/\/sertv.gob.pa\/crisolfm\/?p=18506"},"modified":"2019-03-25T20:13:32","modified_gmt":"2019-03-25T20:13:32","slug":"estreno-de-cinta-adios-carmen","status":"publish","type":"post","link":"https:\/\/sertv.gob.pa\/crisolfm\/estreno-de-cinta-adios-carmen\/","title":{"rendered":"Estreno de cinta &#8216;Adi\u00f3s Carmen&#8217;"},"content":{"rendered":"<p>En el marco de la celebraci\u00f3n de la Francofon\u00eda, la Embajada del Reino de Marruecos, en colaboraci\u00f3n con la Alianza Francesa de Panam\u00e1 y el Patronato de Panam\u00e1 Viejo, se presentar\u00e1 la pel\u00edcula \u201cAdi\u00f3s Carmen\u201d, este 26 de marzo a las 7:00 p.m., en la sala de conferencias del Museo Plaza Mayor, Panam\u00e1 Viejo.<\/p>\n<p><strong>Sinopsis<\/strong><br \/>\n\u201cAdi\u00f3s Carmen\u201d es la primera pel\u00edcula hecha en lengua <em>Amazigh <\/em>(o berebere, lengua aut\u00f3ctona de Marruecos), aunque tambi\u00e9n incluye \u00e1rabe, franc\u00e9s y espa\u00f1ol. Ambientada en la regi\u00f3n de Rif, al norte de Marruecos en el a\u00f1o 1975, cuenta la historia de Amar, de diez a\u00f1os, que vive con un t\u00edo muy violento mientras espera el dudoso regreso de su madre, que se ha ido a B\u00e9lgica. Amar se hace amigo de Carmen, una exiliada espa\u00f1ola que ha huido a causa del r\u00e9gimen franquista, y que trabaja en el cine del pueblo. Carmen le ayuda a descubrir un mundo desconocido para \u00e9l: el mundo del cine y de la verdadera amistad. Pronto empiezan a revelarse las primeras tensiones entre Marruecos y Espa\u00f1a y, al morir Franco, Carmen debe regresar a su pa\u00eds.<\/p>\n<p>&nbsp;<\/p>\n","protected":false},"excerpt":{"rendered":"<p>En el marco de la celebraci\u00f3n de la Francofon\u00eda, la <a href=\"https:\/\/sertv.gob.pa\/crisolfm\/estreno-de-cinta-adios-carmen\/\"> [&#8230;]<\/a><\/p>\n","protected":false},"author":64,"featured_media":18508,"comment_status":"closed","ping_status":"closed","sticky":false,"template":"","format":"standard","meta":{"footnotes":""},"categories":[6],"tags":[],"class_list":["post-18506","post","type-post","status-publish","format-standard","has-post-thumbnail","hentry","category-culturales"],"_links":{"self":[{"href":"https:\/\/sertv.gob.pa\/crisolfm\/wp-json\/wp\/v2\/posts\/18506","targetHints":{"allow":["GET"]}}],"collection":[{"href":"https:\/\/sertv.gob.pa\/crisolfm\/wp-json\/wp\/v2\/posts"}],"about":[{"href":"https:\/\/sertv.gob.pa\/crisolfm\/wp-json\/wp\/v2\/types\/post"}],"author":[{"embeddable":true,"href":"https:\/\/sertv.gob.pa\/crisolfm\/wp-json\/wp\/v2\/users\/64"}],"replies":[{"embeddable":true,"href":"https:\/\/sertv.gob.pa\/crisolfm\/wp-json\/wp\/v2\/comments?post=18506"}],"version-history":[{"count":3,"href":"https:\/\/sertv.gob.pa\/crisolfm\/wp-json\/wp\/v2\/posts\/18506\/revisions"}],"predecessor-version":[{"id":18548,"href":"https:\/\/sertv.gob.pa\/crisolfm\/wp-json\/wp\/v2\/posts\/18506\/revisions\/18548"}],"wp:featuredmedia":[{"embeddable":true,"href":"https:\/\/sertv.gob.pa\/crisolfm\/wp-json\/wp\/v2\/media\/18508"}],"wp:attachment":[{"href":"https:\/\/sertv.gob.pa\/crisolfm\/wp-json\/wp\/v2\/media?parent=18506"}],"wp:term":[{"taxonomy":"category","embeddable":true,"href":"https:\/\/sertv.gob.pa\/crisolfm\/wp-json\/wp\/v2\/categories?post=18506"},{"taxonomy":"post_tag","embeddable":true,"href":"https:\/\/sertv.gob.pa\/crisolfm\/wp-json\/wp\/v2\/tags?post=18506"}],"curies":[{"name":"wp","href":"https:\/\/api.w.org\/{rel}","templated":true}]}}