{"id":18518,"date":"2019-03-25T15:21:00","date_gmt":"2019-03-25T15:21:00","guid":{"rendered":"https:\/\/sertv.gob.pa\/crisolfm\/?p=18518"},"modified":"2019-03-25T15:21:00","modified_gmt":"2019-03-25T15:21:00","slug":"insolito-pinguino-albino-en-un-zoo-de-polonia-es-presentado","status":"publish","type":"post","link":"https:\/\/sertv.gob.pa\/crisolfm\/insolito-pinguino-albino-en-un-zoo-de-polonia-es-presentado\/","title":{"rendered":"Ins\u00f3lito ping\u00fcino albino en un zoo de Polonia es presentado"},"content":{"rendered":"<p>Un ping\u00fcino de El Cabo (Spheniscus demersus) albino, un caso rar\u00edsimo en esta especie sudafricana en peligro de extinci\u00f3n, fue presentado este viernes por primera vez en el parque zool\u00f3gico de Gdansk, en el norte de Polonia. \u00abQue nosotros sepamos, no hay otro individuo igual vivo (en cautiverio) en el mundo\u00bb, declar\u00f3 Michal Targowski, director del zoo de Gdansk, en la televisi\u00f3n TVN24.<\/p>\n<p>El beb\u00e9 ping\u00fcino, que todav\u00eda no tiene nombre y del que todav\u00eda se desconoce el sexo, naci\u00f3 el 14 de diciembre, pero su nacimiento se mantuvo en secreto hasta ahora. \u00abEst\u00e1 fuerte, con buena salud. Come bien y, algo muy importante, sus padres lo cuidan bien\u00bb, se felicit\u00f3 Targowski. Por el momento, el beb\u00e9 vive junto a sus padres y otros cuatro ping\u00fcinos, los m\u00e1s tranquilos del grupo de 70 que viven en el zoo de Gdansk.<\/p>\n<p>AFP<\/p>\n","protected":false},"excerpt":{"rendered":"<p>Un ping\u00fcino de El Cabo (Spheniscus demersus) albino, un caso <a href=\"https:\/\/sertv.gob.pa\/crisolfm\/insolito-pinguino-albino-en-un-zoo-de-polonia-es-presentado\/\"> [&#8230;]<\/a><\/p>\n","protected":false},"author":64,"featured_media":18520,"comment_status":"closed","ping_status":"closed","sticky":false,"template":"","format":"standard","meta":{"footnotes":""},"categories":[7],"tags":[],"class_list":["post-18518","post","type-post","status-publish","format-standard","has-post-thumbnail","hentry","category-ecologicas"],"_links":{"self":[{"href":"https:\/\/sertv.gob.pa\/crisolfm\/wp-json\/wp\/v2\/posts\/18518","targetHints":{"allow":["GET"]}}],"collection":[{"href":"https:\/\/sertv.gob.pa\/crisolfm\/wp-json\/wp\/v2\/posts"}],"about":[{"href":"https:\/\/sertv.gob.pa\/crisolfm\/wp-json\/wp\/v2\/types\/post"}],"author":[{"embeddable":true,"href":"https:\/\/sertv.gob.pa\/crisolfm\/wp-json\/wp\/v2\/users\/64"}],"replies":[{"embeddable":true,"href":"https:\/\/sertv.gob.pa\/crisolfm\/wp-json\/wp\/v2\/comments?post=18518"}],"version-history":[{"count":1,"href":"https:\/\/sertv.gob.pa\/crisolfm\/wp-json\/wp\/v2\/posts\/18518\/revisions"}],"predecessor-version":[{"id":18521,"href":"https:\/\/sertv.gob.pa\/crisolfm\/wp-json\/wp\/v2\/posts\/18518\/revisions\/18521"}],"wp:featuredmedia":[{"embeddable":true,"href":"https:\/\/sertv.gob.pa\/crisolfm\/wp-json\/wp\/v2\/media\/18520"}],"wp:attachment":[{"href":"https:\/\/sertv.gob.pa\/crisolfm\/wp-json\/wp\/v2\/media?parent=18518"}],"wp:term":[{"taxonomy":"category","embeddable":true,"href":"https:\/\/sertv.gob.pa\/crisolfm\/wp-json\/wp\/v2\/categories?post=18518"},{"taxonomy":"post_tag","embeddable":true,"href":"https:\/\/sertv.gob.pa\/crisolfm\/wp-json\/wp\/v2\/tags?post=18518"}],"curies":[{"name":"wp","href":"https:\/\/api.w.org\/{rel}","templated":true}]}}