{"id":18557,"date":"2019-03-26T13:58:44","date_gmt":"2019-03-26T13:58:44","guid":{"rendered":"https:\/\/sertv.gob.pa\/crisolfm\/?p=18557"},"modified":"2019-03-26T13:58:44","modified_gmt":"2019-03-26T13:58:44","slug":"hasta-el-mes-de-octubre-se-extendera-el-fenomeno-atmosferico-el-nino","status":"publish","type":"post","link":"https:\/\/sertv.gob.pa\/crisolfm\/hasta-el-mes-de-octubre-se-extendera-el-fenomeno-atmosferico-el-nino\/","title":{"rendered":"Hasta el mes de octubre se extender\u00e1 el fen\u00f3meno atmosf\u00e9rico El Ni\u00f1o"},"content":{"rendered":"<p>Existe un 50% de probabilidades de que el fen\u00f3meno atmosf\u00e9rico El Ni\u00f1o pueda extenderse hasta octubre de este a\u00f1o. La informaci\u00f3n fue confirmada por Alcely Lau, gerente de Investigaciones y Aplicaciones Clim\u00e1ticas de la Empresa de Transmisi\u00f3n El\u00e9ctrica, S.A (Etesa), en la presentaci\u00f3n de las perspectivas clim\u00e1ticas para el periodo abril, mayo y junio de 2019. \u2018El fen\u00f3meno actualmente est\u00e1 presente a nivel mundial y puede prolongarse hasta octubre. Sabemos que el agua es el activo m\u00e1s importante de este pa\u00eds, con el que se desarrolla toda actividad, y se puede afectar nivel de los r\u00edos&#8217;, expres\u00f3 Lau.<\/p>\n<p>Para los meses de abril y mayo se esperan lluvias ligeras, mientras que junio ser\u00e1 m\u00e1s cr\u00edtico, pues se registrar\u00e1 una baja precipitaci\u00f3n, explic\u00f3 la especialista. A pesar de que Panam\u00e1 vive actualmente una estaci\u00f3n seca que es propia de la temporada, la gerente de Investigaciones de Etesa detall\u00f3 que este a\u00f1o la transici\u00f3n hacia la estaci\u00f3n lluviosa ser\u00e1 m\u00e1s tarde que lo usual. En Chiriqu\u00ed y en el sur de Veraguas, se espera que las lluvias empiecen entre el 15 y el 30 de abril. En la regi\u00f3n del Pac\u00edfico, que incluye Azuero, Cocl\u00e9 y Panam\u00e1 Oeste, podr\u00edan comenzar entre el 1 y el 15 de mayo. Mientras que en Dari\u00e9n y en la provincia de Panam\u00e1, ser\u00eda del 25 de abril al 5 mayo de 2019.<\/p>\n<p>&nbsp;<\/p>\n","protected":false},"excerpt":{"rendered":"<p>Existe un 50% de probabilidades de que el fen\u00f3meno atmosf\u00e9rico <a href=\"https:\/\/sertv.gob.pa\/crisolfm\/hasta-el-mes-de-octubre-se-extendera-el-fenomeno-atmosferico-el-nino\/\"> [&#8230;]<\/a><\/p>\n","protected":false},"author":64,"featured_media":18559,"comment_status":"closed","ping_status":"closed","sticky":false,"template":"","format":"standard","meta":{"footnotes":""},"categories":[7],"tags":[],"class_list":["post-18557","post","type-post","status-publish","format-standard","has-post-thumbnail","hentry","category-ecologicas"],"_links":{"self":[{"href":"https:\/\/sertv.gob.pa\/crisolfm\/wp-json\/wp\/v2\/posts\/18557","targetHints":{"allow":["GET"]}}],"collection":[{"href":"https:\/\/sertv.gob.pa\/crisolfm\/wp-json\/wp\/v2\/posts"}],"about":[{"href":"https:\/\/sertv.gob.pa\/crisolfm\/wp-json\/wp\/v2\/types\/post"}],"author":[{"embeddable":true,"href":"https:\/\/sertv.gob.pa\/crisolfm\/wp-json\/wp\/v2\/users\/64"}],"replies":[{"embeddable":true,"href":"https:\/\/sertv.gob.pa\/crisolfm\/wp-json\/wp\/v2\/comments?post=18557"}],"version-history":[{"count":1,"href":"https:\/\/sertv.gob.pa\/crisolfm\/wp-json\/wp\/v2\/posts\/18557\/revisions"}],"predecessor-version":[{"id":18560,"href":"https:\/\/sertv.gob.pa\/crisolfm\/wp-json\/wp\/v2\/posts\/18557\/revisions\/18560"}],"wp:featuredmedia":[{"embeddable":true,"href":"https:\/\/sertv.gob.pa\/crisolfm\/wp-json\/wp\/v2\/media\/18559"}],"wp:attachment":[{"href":"https:\/\/sertv.gob.pa\/crisolfm\/wp-json\/wp\/v2\/media?parent=18557"}],"wp:term":[{"taxonomy":"category","embeddable":true,"href":"https:\/\/sertv.gob.pa\/crisolfm\/wp-json\/wp\/v2\/categories?post=18557"},{"taxonomy":"post_tag","embeddable":true,"href":"https:\/\/sertv.gob.pa\/crisolfm\/wp-json\/wp\/v2\/tags?post=18557"}],"curies":[{"name":"wp","href":"https:\/\/api.w.org\/{rel}","templated":true}]}}