{"id":18597,"date":"2019-03-27T13:36:01","date_gmt":"2019-03-27T13:36:01","guid":{"rendered":"https:\/\/sertv.gob.pa\/crisolfm\/?p=18597"},"modified":"2019-03-27T13:36:01","modified_gmt":"2019-03-27T13:36:01","slug":"homenaje-a-la-cultura-congo-en-feria-nacional-de-artesanias-2019","status":"publish","type":"post","link":"https:\/\/sertv.gob.pa\/crisolfm\/homenaje-a-la-cultura-congo-en-feria-nacional-de-artesanias-2019\/","title":{"rendered":"Homenaje a la cultura congo en Feria Nacional de Artesan\u00edas 2019"},"content":{"rendered":"<p>El ministerio de Comercio e Industria dio a conocer que este a\u00f1o se har\u00e1 un homenaje a la cultura congo y con el lema: \u201cdanza, magia, herencia y tradici\u00f3n\u201d, en la versi\u00f3n 42 de la Feria Nacional de Artesan\u00edas, que se realizar\u00e1 del 12 al 16 de junio, en el centro de convenciones Atlapa.<\/p>\n<p>\u201cContar\u00e1 con la participaci\u00f3n de alrededor de 500 artesanos expositores, representando todas las regiones del pa\u00eds, incluyendo los territorios ind\u00edgenas\u201d, anunci\u00f3 el ministro de comercio interior e industrias, N\u00e9stor Gonz\u00e1lez.<\/p>\n<p>&nbsp;<\/p>\n","protected":false},"excerpt":{"rendered":"<p>El ministerio de Comercio e Industria dio a conocer que <a href=\"https:\/\/sertv.gob.pa\/crisolfm\/homenaje-a-la-cultura-congo-en-feria-nacional-de-artesanias-2019\/\"> [&#8230;]<\/a><\/p>\n","protected":false},"author":64,"featured_media":18599,"comment_status":"closed","ping_status":"closed","sticky":false,"template":"","format":"standard","meta":{"footnotes":""},"categories":[6],"tags":[],"class_list":["post-18597","post","type-post","status-publish","format-standard","has-post-thumbnail","hentry","category-culturales"],"_links":{"self":[{"href":"https:\/\/sertv.gob.pa\/crisolfm\/wp-json\/wp\/v2\/posts\/18597","targetHints":{"allow":["GET"]}}],"collection":[{"href":"https:\/\/sertv.gob.pa\/crisolfm\/wp-json\/wp\/v2\/posts"}],"about":[{"href":"https:\/\/sertv.gob.pa\/crisolfm\/wp-json\/wp\/v2\/types\/post"}],"author":[{"embeddable":true,"href":"https:\/\/sertv.gob.pa\/crisolfm\/wp-json\/wp\/v2\/users\/64"}],"replies":[{"embeddable":true,"href":"https:\/\/sertv.gob.pa\/crisolfm\/wp-json\/wp\/v2\/comments?post=18597"}],"version-history":[{"count":1,"href":"https:\/\/sertv.gob.pa\/crisolfm\/wp-json\/wp\/v2\/posts\/18597\/revisions"}],"predecessor-version":[{"id":18600,"href":"https:\/\/sertv.gob.pa\/crisolfm\/wp-json\/wp\/v2\/posts\/18597\/revisions\/18600"}],"wp:featuredmedia":[{"embeddable":true,"href":"https:\/\/sertv.gob.pa\/crisolfm\/wp-json\/wp\/v2\/media\/18599"}],"wp:attachment":[{"href":"https:\/\/sertv.gob.pa\/crisolfm\/wp-json\/wp\/v2\/media?parent=18597"}],"wp:term":[{"taxonomy":"category","embeddable":true,"href":"https:\/\/sertv.gob.pa\/crisolfm\/wp-json\/wp\/v2\/categories?post=18597"},{"taxonomy":"post_tag","embeddable":true,"href":"https:\/\/sertv.gob.pa\/crisolfm\/wp-json\/wp\/v2\/tags?post=18597"}],"curies":[{"name":"wp","href":"https:\/\/api.w.org\/{rel}","templated":true}]}}