{"id":18646,"date":"2019-03-27T17:57:50","date_gmt":"2019-03-27T17:57:50","guid":{"rendered":"https:\/\/sertv.gob.pa\/crisolfm\/?p=18646"},"modified":"2019-03-27T17:57:50","modified_gmt":"2019-03-27T17:57:50","slug":"expocomer-2019-en-su-trigesima-septima-edicion","status":"publish","type":"post","link":"https:\/\/sertv.gob.pa\/crisolfm\/expocomer-2019-en-su-trigesima-septima-edicion\/","title":{"rendered":"Expocomer 2019 en su trig\u00e9sima s\u00e9ptima edici\u00f3n"},"content":{"rendered":"<p>A partir de las tres de la tarde de hoy, abre sus puertas la trig\u00e9sima s\u00e9ptima edici\u00f3n de Expocomer, considerada la vitrina del comercio mundial en el Centro de Convenciones Atlapa. Para la apertura oficial del evento se tendr\u00e1 como invitado al expresidente de Bolivia, Jorge Quiroga, quien ser\u00e1 el orador de fondo. Cada a\u00f1o, esta actividad convierte al pa\u00eds en un punto de encuentro para la concertaci\u00f3n de negocios entre expositores y compradores de distintas naciones de Am\u00e9rica Latina y el Caribe, Asia y Europa.<\/p>\n<p>Para este a\u00f1o, se espera que participen m\u00e1s de 600 empresas de m\u00e1s de 30 pa\u00edses que buscan fortalecer sus negocios y promover el intercambio comercial. La C\u00e1mara de Comercio, Industrias y Agricultura de Panam\u00e1 (CCIAP), gremio que organiza la feria desde 1983, destac\u00f3 a trav\u00e9s de su presidente Gabriel Barletta, que \u201cExpocomer, la principal feria multisectorial de Am\u00e9rica Latina,\u00a0m\u00e1s que un evento pa\u00eds, ha sido un gran generador de aportes a la econom\u00eda local, de forma directa e indirecta\u201d.<\/p>\n<p>&nbsp;<\/p>\n","protected":false},"excerpt":{"rendered":"<p>A partir de las tres de la tarde de hoy, <a href=\"https:\/\/sertv.gob.pa\/crisolfm\/expocomer-2019-en-su-trigesima-septima-edicion\/\"> [&#8230;]<\/a><\/p>\n","protected":false},"author":64,"featured_media":18648,"comment_status":"closed","ping_status":"closed","sticky":false,"template":"","format":"standard","meta":{"footnotes":""},"categories":[6],"tags":[],"class_list":["post-18646","post","type-post","status-publish","format-standard","has-post-thumbnail","hentry","category-culturales"],"_links":{"self":[{"href":"https:\/\/sertv.gob.pa\/crisolfm\/wp-json\/wp\/v2\/posts\/18646","targetHints":{"allow":["GET"]}}],"collection":[{"href":"https:\/\/sertv.gob.pa\/crisolfm\/wp-json\/wp\/v2\/posts"}],"about":[{"href":"https:\/\/sertv.gob.pa\/crisolfm\/wp-json\/wp\/v2\/types\/post"}],"author":[{"embeddable":true,"href":"https:\/\/sertv.gob.pa\/crisolfm\/wp-json\/wp\/v2\/users\/64"}],"replies":[{"embeddable":true,"href":"https:\/\/sertv.gob.pa\/crisolfm\/wp-json\/wp\/v2\/comments?post=18646"}],"version-history":[{"count":1,"href":"https:\/\/sertv.gob.pa\/crisolfm\/wp-json\/wp\/v2\/posts\/18646\/revisions"}],"predecessor-version":[{"id":18649,"href":"https:\/\/sertv.gob.pa\/crisolfm\/wp-json\/wp\/v2\/posts\/18646\/revisions\/18649"}],"wp:featuredmedia":[{"embeddable":true,"href":"https:\/\/sertv.gob.pa\/crisolfm\/wp-json\/wp\/v2\/media\/18648"}],"wp:attachment":[{"href":"https:\/\/sertv.gob.pa\/crisolfm\/wp-json\/wp\/v2\/media?parent=18646"}],"wp:term":[{"taxonomy":"category","embeddable":true,"href":"https:\/\/sertv.gob.pa\/crisolfm\/wp-json\/wp\/v2\/categories?post=18646"},{"taxonomy":"post_tag","embeddable":true,"href":"https:\/\/sertv.gob.pa\/crisolfm\/wp-json\/wp\/v2\/tags?post=18646"}],"curies":[{"name":"wp","href":"https:\/\/api.w.org\/{rel}","templated":true}]}}