{"id":18658,"date":"2019-03-28T13:45:38","date_gmt":"2019-03-28T13:45:38","guid":{"rendered":"https:\/\/sertv.gob.pa\/crisolfm\/?p=18658"},"modified":"2019-03-28T13:45:38","modified_gmt":"2019-03-28T13:45:38","slug":"este-sabado-30-de-marzo-el-mundo-apagara-las-luces-por-la-hora-del-planeta","status":"publish","type":"post","link":"https:\/\/sertv.gob.pa\/crisolfm\/este-sabado-30-de-marzo-el-mundo-apagara-las-luces-por-la-hora-del-planeta\/","title":{"rendered":"Este s\u00e1bado 30 de marzo el mundo apagar\u00e1 las luces por la hora del planeta"},"content":{"rendered":"<p>De S\u00eddney a Dub\u00e1i, antes de Rio y M\u00e9xico: la Hora del Planeta, el acto mundial de apagado de luces que se celebra anualmente, recordar\u00e1 este s\u00e1bado el impacto del gasto energ\u00e9tico sobre el cambio clim\u00e1tico y el papel clave de la naturaleza. Numerosos monumentos y edificios emblem\u00e1ticos se apagar\u00e1n entre las 8:30 p.m. y las 9:30 p.m. locales, como la Torre de Shangh\u00e1i, el Puerto Victoria de Hong Kong, la torre Burj Khalifa de Dub\u00e1i, la plaza Roja de Mosc\u00fa, la Acr\u00f3polis de Atenas, la Torre Eiffel de Par\u00eds, las pir\u00e1mides de Egipto, la bas\u00edlica de San Pedro de Roma, el Big Ben de Londres, el Corcovado de R\u00edo de Janeiro y la sede de la ONU en Nueva York.<\/p>\n<p>Organizada por Fondo Mundial para la Naturaleza (WWF), esta movilizaci\u00f3n ciudadana que celebra su 13\u00aa edici\u00f3n, tambi\u00e9n propone apagar las luces a nivel individual. El a\u00f1o pasado, casi 7 mil ciudades en 187 pa\u00edses apagaron sus edificios emblem\u00e1ticos, seg\u00fan WWF.<\/p>\n<p>AFP<\/p>\n","protected":false},"excerpt":{"rendered":"<p>De S\u00eddney a Dub\u00e1i, antes de Rio y M\u00e9xico: la <a href=\"https:\/\/sertv.gob.pa\/crisolfm\/este-sabado-30-de-marzo-el-mundo-apagara-las-luces-por-la-hora-del-planeta\/\"> [&#8230;]<\/a><\/p>\n","protected":false},"author":64,"featured_media":18660,"comment_status":"closed","ping_status":"closed","sticky":false,"template":"","format":"standard","meta":{"footnotes":""},"categories":[7],"tags":[],"class_list":["post-18658","post","type-post","status-publish","format-standard","has-post-thumbnail","hentry","category-ecologicas"],"_links":{"self":[{"href":"https:\/\/sertv.gob.pa\/crisolfm\/wp-json\/wp\/v2\/posts\/18658","targetHints":{"allow":["GET"]}}],"collection":[{"href":"https:\/\/sertv.gob.pa\/crisolfm\/wp-json\/wp\/v2\/posts"}],"about":[{"href":"https:\/\/sertv.gob.pa\/crisolfm\/wp-json\/wp\/v2\/types\/post"}],"author":[{"embeddable":true,"href":"https:\/\/sertv.gob.pa\/crisolfm\/wp-json\/wp\/v2\/users\/64"}],"replies":[{"embeddable":true,"href":"https:\/\/sertv.gob.pa\/crisolfm\/wp-json\/wp\/v2\/comments?post=18658"}],"version-history":[{"count":1,"href":"https:\/\/sertv.gob.pa\/crisolfm\/wp-json\/wp\/v2\/posts\/18658\/revisions"}],"predecessor-version":[{"id":18661,"href":"https:\/\/sertv.gob.pa\/crisolfm\/wp-json\/wp\/v2\/posts\/18658\/revisions\/18661"}],"wp:featuredmedia":[{"embeddable":true,"href":"https:\/\/sertv.gob.pa\/crisolfm\/wp-json\/wp\/v2\/media\/18660"}],"wp:attachment":[{"href":"https:\/\/sertv.gob.pa\/crisolfm\/wp-json\/wp\/v2\/media?parent=18658"}],"wp:term":[{"taxonomy":"category","embeddable":true,"href":"https:\/\/sertv.gob.pa\/crisolfm\/wp-json\/wp\/v2\/categories?post=18658"},{"taxonomy":"post_tag","embeddable":true,"href":"https:\/\/sertv.gob.pa\/crisolfm\/wp-json\/wp\/v2\/tags?post=18658"}],"curies":[{"name":"wp","href":"https:\/\/api.w.org\/{rel}","templated":true}]}}