{"id":18705,"date":"2019-03-29T13:13:43","date_gmt":"2019-03-29T13:13:43","guid":{"rendered":"https:\/\/sertv.gob.pa\/crisolfm\/?p=18705"},"modified":"2019-03-29T13:13:43","modified_gmt":"2019-03-29T13:13:43","slug":"picasso-en-uruguay-en-el-museo-nacional-de-artes-visuales-de-montevideo","status":"publish","type":"post","link":"https:\/\/sertv.gob.pa\/crisolfm\/picasso-en-uruguay-en-el-museo-nacional-de-artes-visuales-de-montevideo\/","title":{"rendered":"\u201cPicasso en Uruguay\u201d, en el Museo Nacional de Artes Visuales de Montevideo"},"content":{"rendered":"<p>Algunos cuadros de Pablo Picasso a\u00fan esperan a ser colgados para la inauguraci\u00f3n, este viernes, de una muestra del genial artista espa\u00f1ol que visita Montevideo. La selecci\u00f3n de 42 obras del maestro Picasso (1881-1973) estar\u00e1 en exhibici\u00f3n en la capital uruguaya hasta el 30 de junio, en un hecho sin precedentes para el pa\u00eds sudamericano, uno de los siete destinos del programa \u00abPicasso Mundo\u00bb, que aproxima la obra del polifac\u00e9tico artista a p\u00fablicos de todo el planeta.<\/p>\n<p>\u00abPicasso en Uruguay\u00bb, que se exhibe en el Museo Nacional de Artes Visuales (MNAV) de Montevideo, a metros del R\u00edo de la Plata, gener\u00f3 una evidente \u00abexpectativa de ver las obras originales\u00bb, expres\u00f3 el director del museo Picasso de Par\u00eds, Laurent Le Bon, en declaraciones a periodistas durante la visita de prensa de la exposici\u00f3n.<\/p>\n<p>AFP<\/p>\n","protected":false},"excerpt":{"rendered":"<p>Algunos cuadros de Pablo Picasso a\u00fan esperan a ser colgados <a href=\"https:\/\/sertv.gob.pa\/crisolfm\/picasso-en-uruguay-en-el-museo-nacional-de-artes-visuales-de-montevideo\/\"> [&#8230;]<\/a><\/p>\n","protected":false},"author":64,"featured_media":18707,"comment_status":"closed","ping_status":"closed","sticky":false,"template":"","format":"standard","meta":{"footnotes":""},"categories":[6],"tags":[],"class_list":["post-18705","post","type-post","status-publish","format-standard","has-post-thumbnail","hentry","category-culturales"],"_links":{"self":[{"href":"https:\/\/sertv.gob.pa\/crisolfm\/wp-json\/wp\/v2\/posts\/18705","targetHints":{"allow":["GET"]}}],"collection":[{"href":"https:\/\/sertv.gob.pa\/crisolfm\/wp-json\/wp\/v2\/posts"}],"about":[{"href":"https:\/\/sertv.gob.pa\/crisolfm\/wp-json\/wp\/v2\/types\/post"}],"author":[{"embeddable":true,"href":"https:\/\/sertv.gob.pa\/crisolfm\/wp-json\/wp\/v2\/users\/64"}],"replies":[{"embeddable":true,"href":"https:\/\/sertv.gob.pa\/crisolfm\/wp-json\/wp\/v2\/comments?post=18705"}],"version-history":[{"count":1,"href":"https:\/\/sertv.gob.pa\/crisolfm\/wp-json\/wp\/v2\/posts\/18705\/revisions"}],"predecessor-version":[{"id":18708,"href":"https:\/\/sertv.gob.pa\/crisolfm\/wp-json\/wp\/v2\/posts\/18705\/revisions\/18708"}],"wp:featuredmedia":[{"embeddable":true,"href":"https:\/\/sertv.gob.pa\/crisolfm\/wp-json\/wp\/v2\/media\/18707"}],"wp:attachment":[{"href":"https:\/\/sertv.gob.pa\/crisolfm\/wp-json\/wp\/v2\/media?parent=18705"}],"wp:term":[{"taxonomy":"category","embeddable":true,"href":"https:\/\/sertv.gob.pa\/crisolfm\/wp-json\/wp\/v2\/categories?post=18705"},{"taxonomy":"post_tag","embeddable":true,"href":"https:\/\/sertv.gob.pa\/crisolfm\/wp-json\/wp\/v2\/tags?post=18705"}],"curies":[{"name":"wp","href":"https:\/\/api.w.org\/{rel}","templated":true}]}}