{"id":18719,"date":"2019-03-29T13:46:10","date_gmt":"2019-03-29T13:46:10","guid":{"rendered":"https:\/\/sertv.gob.pa\/crisolfm\/?p=18719"},"modified":"2019-03-29T13:46:10","modified_gmt":"2019-03-29T13:46:10","slug":"clima-extremo-afecto-a-68-millones-de-personas-en-2018-segun-onu","status":"publish","type":"post","link":"https:\/\/sertv.gob.pa\/crisolfm\/clima-extremo-afecto-a-68-millones-de-personas-en-2018-segun-onu\/","title":{"rendered":"Clima extremo afect\u00f3 a 68 millones de personas en 2018, seg\u00fan ONU"},"content":{"rendered":"<p>La agencia clim\u00e1tica de Naciones Unidas dijo que el clima extremo afect\u00f3 el a\u00f1o pasado a 62 millones de personas a nivel mundial y oblig\u00f3 a 2 millones a reubicarse, al empeorar el cambio clim\u00e1tico provocado por el hombre. El reporte anual del estado del clima mundial de la Organizaci\u00f3n Meteorol\u00f3gica Mundial (OMM) dice que la Tierra est\u00e1 1 grado Celsius (1,8\u00b0 Fahrenheit) m\u00e1s caliente que cuando comenz\u00f3 la era industrial. Los l\u00edderes mundiales intentan limitar el calentamiento a 2\u00b0 C (3,6\u00b0 F). Las emisiones por la quema de combustibles como carb\u00f3n, gasolina o di\u00e9sel para generar electricidad y en el transporte contribuyen al calentamiento global que, a su vez, provoca tormentas, inundaciones y sequ\u00edas m\u00e1s intensas.<\/p>\n<p>\u201cHemos visto una mayor cantidad de desastres por el cambio clim\u00e1tico\u201d, dijo el secretario general de la OMM Petteri Taalas. Agreg\u00f3 que desde 1998, unos 4.500 millones de personas se han visto afectadas por el clima extremo. El cicl\u00f3n Idai que acaba de azotar Mozambique es un buen ejemplo, pero es muy reciente para estar incluido en el reporte, dijo Taalas. Los \u00faltimos cuatro a\u00f1os han sido los m\u00e1s calientes de los que se tiene registro, seg\u00fan el informe. Eso incluye 2018, el a\u00f1o m\u00e1s c\u00e1lido que se conoce en el que se present\u00f3 una Ni\u00f1a, agreg\u00f3 Taalas. La Ni\u00f1a, un enfriamiento natural de partes del Oc\u00e9ano Pac\u00edfico que altera el clima a nivel mundial, suele reducir un poco las temperaturas globales. \u00a0\u201cEl di\u00f3xido de carbono es el principal problema aqu\u00ed\u201d, dijo Taalas, y a\u00f1adi\u00f3 que el gas permanece en el ambiente durante siglos.<\/p>\n<p>AP<\/p>\n","protected":false},"excerpt":{"rendered":"<p>La agencia clim\u00e1tica de Naciones Unidas dijo que el clima <a href=\"https:\/\/sertv.gob.pa\/crisolfm\/clima-extremo-afecto-a-68-millones-de-personas-en-2018-segun-onu\/\"> [&#8230;]<\/a><\/p>\n","protected":false},"author":64,"featured_media":18721,"comment_status":"closed","ping_status":"closed","sticky":false,"template":"","format":"standard","meta":{"footnotes":""},"categories":[7],"tags":[],"class_list":["post-18719","post","type-post","status-publish","format-standard","has-post-thumbnail","hentry","category-ecologicas"],"_links":{"self":[{"href":"https:\/\/sertv.gob.pa\/crisolfm\/wp-json\/wp\/v2\/posts\/18719","targetHints":{"allow":["GET"]}}],"collection":[{"href":"https:\/\/sertv.gob.pa\/crisolfm\/wp-json\/wp\/v2\/posts"}],"about":[{"href":"https:\/\/sertv.gob.pa\/crisolfm\/wp-json\/wp\/v2\/types\/post"}],"author":[{"embeddable":true,"href":"https:\/\/sertv.gob.pa\/crisolfm\/wp-json\/wp\/v2\/users\/64"}],"replies":[{"embeddable":true,"href":"https:\/\/sertv.gob.pa\/crisolfm\/wp-json\/wp\/v2\/comments?post=18719"}],"version-history":[{"count":1,"href":"https:\/\/sertv.gob.pa\/crisolfm\/wp-json\/wp\/v2\/posts\/18719\/revisions"}],"predecessor-version":[{"id":18722,"href":"https:\/\/sertv.gob.pa\/crisolfm\/wp-json\/wp\/v2\/posts\/18719\/revisions\/18722"}],"wp:featuredmedia":[{"embeddable":true,"href":"https:\/\/sertv.gob.pa\/crisolfm\/wp-json\/wp\/v2\/media\/18721"}],"wp:attachment":[{"href":"https:\/\/sertv.gob.pa\/crisolfm\/wp-json\/wp\/v2\/media?parent=18719"}],"wp:term":[{"taxonomy":"category","embeddable":true,"href":"https:\/\/sertv.gob.pa\/crisolfm\/wp-json\/wp\/v2\/categories?post=18719"},{"taxonomy":"post_tag","embeddable":true,"href":"https:\/\/sertv.gob.pa\/crisolfm\/wp-json\/wp\/v2\/tags?post=18719"}],"curies":[{"name":"wp","href":"https:\/\/api.w.org\/{rel}","templated":true}]}}