{"id":18737,"date":"2019-03-29T14:43:21","date_gmt":"2019-03-29T14:43:21","guid":{"rendered":"https:\/\/sertv.gob.pa\/crisolfm\/?p=18737"},"modified":"2019-03-29T14:43:21","modified_gmt":"2019-03-29T14:43:21","slug":"muere-agnes-varda-pionera-del-cine-frances-y-maximo-exponente-de-la-nouvelle-vague","status":"publish","type":"post","link":"https:\/\/sertv.gob.pa\/crisolfm\/muere-agnes-varda-pionera-del-cine-frances-y-maximo-exponente-de-la-nouvelle-vague\/","title":{"rendered":"Muere Agn\u00e8s Varda, pionera del cine franc\u00e9s y m\u00e1ximo exponente de la \u00abnouvelle vague\u00bb"},"content":{"rendered":"<p style=\"text-align: justify\">Antes de instalarse, en vida, en la tierra celeste de las leyendas, <a href=\"https:\/\/www.abc.es\/play\/cine\/noticias\/abci-caras-y-lugares-leccion-agnes-varda-ante-tedio-trol-llamado-jean-luc-godard-201805270019_noticia.html\" target=\"_blank\" rel=\"noopener\">Agn\u00e8s Varda<\/a> (1928 &#8211; 2019), fue una fot\u00f3grafa, documentalista, <a href=\"https:\/\/www.abc.es\/play\/cine\/criticas\/abci-critica-caras-y-lugares-vieja-dama-digna-201805242031_noticia.html\" target=\"_blank\" rel=\"noopener\">directora de cine y artista pl\u00e1stica<\/a>, pionera en sucesivos movimientos renovadores de la cultura visual francesa. Fallecida la madrugada del jueves al viernes, Varda era la pen\u00faltima superviviente de la Nouvelle Vague, la gran escuela que camb\u00f3 el rumbo de la historia del cine franc\u00e9s, influyendo en cierta medida en el nuevo cine norteamericano posterior a los a\u00f1os 60 y 70 del siglo pasado.<\/p>\n<p style=\"text-align: justify\">Varda dirigi\u00f3 \u00ab<strong>La Pointe courte<\/strong>\u00bb (1955) cinco a\u00f1os antes que <a href=\"https:\/\/www.abc.es\/play\/cine\/noticias\/abci-caras-y-lugares-leccion-agnes-varda-ante-tedio-trol-llamado-jean-luc-godard-201805270019_noticia.html\" target=\"_blank\" rel=\"noopener\">Jean-Luc Godard<\/a> realizase \u00ab\u00c0 bout de souffle\u00bb (1960). La Nouvelle Vague naci\u00f3 entre esas dos pel\u00edculas. Muerta Varda, Godard es el \u00faltimo \u00abmohicano\u00bb de un movimiento en el que participaron Fran\u00e7ois Truffait, \u00c9ric Rohmer, Claude Chabrol, Jacques Rivette, Alain Resnais, Louis Malle y Jacques Demy. Como Louis Malle, Varda fue una inmensa documentalista, que trabaj\u00f3 en campos muy diversos y aparentemente \u00abdistantes\u00bb, del <strong>Vietnam y los Black Panthers<\/strong> al universo mucho m\u00e1s \u00abestetizante\u00bb de Jacques Demy, su esposo y c\u00f3mplice.<\/p>\n<p style=\"text-align: justify\">ABC Cultura<\/p>\n","protected":false},"excerpt":{"rendered":"<p>Antes de instalarse, en vida, en la tierra celeste de <a href=\"https:\/\/sertv.gob.pa\/crisolfm\/muere-agnes-varda-pionera-del-cine-frances-y-maximo-exponente-de-la-nouvelle-vague\/\"> [&#8230;]<\/a><\/p>\n","protected":false},"author":64,"featured_media":18739,"comment_status":"closed","ping_status":"closed","sticky":false,"template":"","format":"standard","meta":{"footnotes":""},"categories":[6],"tags":[],"class_list":["post-18737","post","type-post","status-publish","format-standard","has-post-thumbnail","hentry","category-culturales"],"_links":{"self":[{"href":"https:\/\/sertv.gob.pa\/crisolfm\/wp-json\/wp\/v2\/posts\/18737","targetHints":{"allow":["GET"]}}],"collection":[{"href":"https:\/\/sertv.gob.pa\/crisolfm\/wp-json\/wp\/v2\/posts"}],"about":[{"href":"https:\/\/sertv.gob.pa\/crisolfm\/wp-json\/wp\/v2\/types\/post"}],"author":[{"embeddable":true,"href":"https:\/\/sertv.gob.pa\/crisolfm\/wp-json\/wp\/v2\/users\/64"}],"replies":[{"embeddable":true,"href":"https:\/\/sertv.gob.pa\/crisolfm\/wp-json\/wp\/v2\/comments?post=18737"}],"version-history":[{"count":1,"href":"https:\/\/sertv.gob.pa\/crisolfm\/wp-json\/wp\/v2\/posts\/18737\/revisions"}],"predecessor-version":[{"id":18740,"href":"https:\/\/sertv.gob.pa\/crisolfm\/wp-json\/wp\/v2\/posts\/18737\/revisions\/18740"}],"wp:featuredmedia":[{"embeddable":true,"href":"https:\/\/sertv.gob.pa\/crisolfm\/wp-json\/wp\/v2\/media\/18739"}],"wp:attachment":[{"href":"https:\/\/sertv.gob.pa\/crisolfm\/wp-json\/wp\/v2\/media?parent=18737"}],"wp:term":[{"taxonomy":"category","embeddable":true,"href":"https:\/\/sertv.gob.pa\/crisolfm\/wp-json\/wp\/v2\/categories?post=18737"},{"taxonomy":"post_tag","embeddable":true,"href":"https:\/\/sertv.gob.pa\/crisolfm\/wp-json\/wp\/v2\/tags?post=18737"}],"curies":[{"name":"wp","href":"https:\/\/api.w.org\/{rel}","templated":true}]}}