{"id":18745,"date":"2019-03-29T15:31:34","date_gmt":"2019-03-29T15:31:34","guid":{"rendered":"https:\/\/sertv.gob.pa\/crisolfm\/?p=18745"},"modified":"2019-03-29T15:31:34","modified_gmt":"2019-03-29T15:31:34","slug":"academia-del-nobel-elige-a-2-escritoras-para-ocupar-las-vacantes-tras-escandalo-sexual","status":"publish","type":"post","link":"https:\/\/sertv.gob.pa\/crisolfm\/academia-del-nobel-elige-a-2-escritoras-para-ocupar-las-vacantes-tras-escandalo-sexual\/","title":{"rendered":"Academia del Nobel elige a 2 escritoras para ocupar las vacantes tras esc\u00e1ndalo sexual"},"content":{"rendered":"<p style=\"text-align: justify\">La Academia Sueca ha anunciado la elecci\u00f3n de las novelistas Ellen Mattson y Anne Sw\u00e4rd para ocupar dos vacantes creadas por el <a href=\"https:\/\/elpais.com\/cultura\/2018\/04\/22\/actualidad\/1524426862_584053.html\" target=\"_blank\" rel=\"noopener noreferrer\">esc\u00e1ndalo sexual y de filtraciones que afecta a la instituci\u00f3n que otorga el Premio Nobel de Literatura<\/a>. Mattson y Sw\u00e4rd, que oficializar\u00e1n su entrada en la reuni\u00f3n anual del pr\u00f3ximo diciembre, sustituir\u00e1n, respectivamente, a la te\u00f3loga Jayne Svenungsson y a la escritora Sara Stridsberg, dos de los seis miembros que renunciaron el a\u00f1o pasado por la crisis hist\u00f3rica de la instituci\u00f3n. Falta por ocupar el \u00faltimo de los 18 asientos vacantes, el que dej\u00f3 en febrero la exsecretaria Sara Danius, que abandon\u00f3 la Academia definitivamente diez meses despu\u00e9s de su salida temporal.<\/p>\n<p style=\"text-align: justify\">La Academia hab\u00eda confirmado a principios de mes que la Fundaci\u00f3n Nobel le permitir\u00e1 fallar dos premios de Literatura en 2019, el de este a\u00f1o y el del anterior, aplazado por la p\u00e9rdida de confianza en la instituci\u00f3n tras el esc\u00e1ndalo, que estall\u00f3 por un art\u00edculo publicado en noviembre de 2017 en el diario\u00a0<em>Dagens Nyheter<\/em>. Tras la publicaci\u00f3n del art\u00edculo, 18 mujeres denunciaron haber sufrido abusos de una \u00abpersonalidad cultural\u00bb, luego <a href=\"https:\/\/elpais.com\/cultura\/2018\/05\/04\/actualidad\/1525428741_785180.html\" target=\"_blank\" rel=\"noopener noreferrer\">identificada como el artista franc\u00e9s Jean-Claude Arnault<\/a>, esposo de la acad\u00e9mica Katarina Frostenson y muy ligado a la instituci\u00f3n a trav\u00e9s de su club literario.<\/p>\n<p>El Pa\u00eds<\/p>\n","protected":false},"excerpt":{"rendered":"<p>La Academia Sueca ha anunciado la elecci\u00f3n de las novelistas <a href=\"https:\/\/sertv.gob.pa\/crisolfm\/academia-del-nobel-elige-a-2-escritoras-para-ocupar-las-vacantes-tras-escandalo-sexual\/\"> [&#8230;]<\/a><\/p>\n","protected":false},"author":64,"featured_media":18747,"comment_status":"closed","ping_status":"closed","sticky":false,"template":"","format":"standard","meta":{"footnotes":""},"categories":[6],"tags":[],"class_list":["post-18745","post","type-post","status-publish","format-standard","has-post-thumbnail","hentry","category-culturales"],"_links":{"self":[{"href":"https:\/\/sertv.gob.pa\/crisolfm\/wp-json\/wp\/v2\/posts\/18745","targetHints":{"allow":["GET"]}}],"collection":[{"href":"https:\/\/sertv.gob.pa\/crisolfm\/wp-json\/wp\/v2\/posts"}],"about":[{"href":"https:\/\/sertv.gob.pa\/crisolfm\/wp-json\/wp\/v2\/types\/post"}],"author":[{"embeddable":true,"href":"https:\/\/sertv.gob.pa\/crisolfm\/wp-json\/wp\/v2\/users\/64"}],"replies":[{"embeddable":true,"href":"https:\/\/sertv.gob.pa\/crisolfm\/wp-json\/wp\/v2\/comments?post=18745"}],"version-history":[{"count":1,"href":"https:\/\/sertv.gob.pa\/crisolfm\/wp-json\/wp\/v2\/posts\/18745\/revisions"}],"predecessor-version":[{"id":18748,"href":"https:\/\/sertv.gob.pa\/crisolfm\/wp-json\/wp\/v2\/posts\/18745\/revisions\/18748"}],"wp:featuredmedia":[{"embeddable":true,"href":"https:\/\/sertv.gob.pa\/crisolfm\/wp-json\/wp\/v2\/media\/18747"}],"wp:attachment":[{"href":"https:\/\/sertv.gob.pa\/crisolfm\/wp-json\/wp\/v2\/media?parent=18745"}],"wp:term":[{"taxonomy":"category","embeddable":true,"href":"https:\/\/sertv.gob.pa\/crisolfm\/wp-json\/wp\/v2\/categories?post=18745"},{"taxonomy":"post_tag","embeddable":true,"href":"https:\/\/sertv.gob.pa\/crisolfm\/wp-json\/wp\/v2\/tags?post=18745"}],"curies":[{"name":"wp","href":"https:\/\/api.w.org\/{rel}","templated":true}]}}