{"id":18753,"date":"2019-03-29T18:02:32","date_gmt":"2019-03-29T18:02:32","guid":{"rendered":"https:\/\/sertv.gob.pa\/crisolfm\/?p=18753"},"modified":"2019-03-29T18:02:32","modified_gmt":"2019-03-29T18:02:32","slug":"feria-internacional-de-azuero-abre-sus-puertas","status":"publish","type":"post","link":"https:\/\/sertv.gob.pa\/crisolfm\/feria-internacional-de-azuero-abre-sus-puertas\/","title":{"rendered":"Feria Internacional de Azuero abre sus puertas"},"content":{"rendered":"<p>La quincuag\u00e9sima s\u00e9ptima versi\u00f3n de la Feria Internacional de Azuero (FIA), considerada una importante vitrina para el desarrollo agr\u00edcola, ganadero, industrial, artesanal, cultural y comercial en las provincias de Herrera y Los Santos, fue inaugurada por el mandatario Juan Carlos Varela.<\/p>\n<p>Con el lema \u00abAzuero un pueblo en marcha\u00bb, este evento ofrece a sus visitantes diversiones para chicos y grandes; exhibiciones agr\u00edcolas, pecuarias, artesanales, industriales, folcl\u00f3ricas, gastron\u00f3micas con m\u00e1s de 700 expositores. \u201cComo azuerense me siento orgulloso del trabajo que han hecho ustedes: hombres y mujeres que han fortalecido este evento ferial, que desde hace muchos a\u00f1os es la vitrina del desarrollo agr\u00edcola, ganadero, industrial, artesanal, cultural y comercial de esta regi\u00f3n del pa\u00eds\u201d, expres\u00f3 Varela.<\/p>\n<p>En la FIA se realizar\u00e1n un gran n\u00famero de concursos equinos, bovinos y caninos, sin dejar de mencionar nuestra Tarima de Espect\u00e1culos con artistas nacionales de gran renombre gracias a un convenio con la Autoridad de Turismo; los cuales son de gran atracci\u00f3n para nuestros visitantes.<\/p>\n<p>&nbsp;<\/p>\n<p>&nbsp;<\/p>\n","protected":false},"excerpt":{"rendered":"<p>La quincuag\u00e9sima s\u00e9ptima versi\u00f3n de la Feria Internacional de Azuero <a href=\"https:\/\/sertv.gob.pa\/crisolfm\/feria-internacional-de-azuero-abre-sus-puertas\/\"> [&#8230;]<\/a><\/p>\n","protected":false},"author":64,"featured_media":18755,"comment_status":"closed","ping_status":"closed","sticky":false,"template":"","format":"standard","meta":{"footnotes":""},"categories":[6],"tags":[],"class_list":["post-18753","post","type-post","status-publish","format-standard","has-post-thumbnail","hentry","category-culturales"],"_links":{"self":[{"href":"https:\/\/sertv.gob.pa\/crisolfm\/wp-json\/wp\/v2\/posts\/18753","targetHints":{"allow":["GET"]}}],"collection":[{"href":"https:\/\/sertv.gob.pa\/crisolfm\/wp-json\/wp\/v2\/posts"}],"about":[{"href":"https:\/\/sertv.gob.pa\/crisolfm\/wp-json\/wp\/v2\/types\/post"}],"author":[{"embeddable":true,"href":"https:\/\/sertv.gob.pa\/crisolfm\/wp-json\/wp\/v2\/users\/64"}],"replies":[{"embeddable":true,"href":"https:\/\/sertv.gob.pa\/crisolfm\/wp-json\/wp\/v2\/comments?post=18753"}],"version-history":[{"count":1,"href":"https:\/\/sertv.gob.pa\/crisolfm\/wp-json\/wp\/v2\/posts\/18753\/revisions"}],"predecessor-version":[{"id":18756,"href":"https:\/\/sertv.gob.pa\/crisolfm\/wp-json\/wp\/v2\/posts\/18753\/revisions\/18756"}],"wp:featuredmedia":[{"embeddable":true,"href":"https:\/\/sertv.gob.pa\/crisolfm\/wp-json\/wp\/v2\/media\/18755"}],"wp:attachment":[{"href":"https:\/\/sertv.gob.pa\/crisolfm\/wp-json\/wp\/v2\/media?parent=18753"}],"wp:term":[{"taxonomy":"category","embeddable":true,"href":"https:\/\/sertv.gob.pa\/crisolfm\/wp-json\/wp\/v2\/categories?post=18753"},{"taxonomy":"post_tag","embeddable":true,"href":"https:\/\/sertv.gob.pa\/crisolfm\/wp-json\/wp\/v2\/tags?post=18753"}],"curies":[{"name":"wp","href":"https:\/\/api.w.org\/{rel}","templated":true}]}}