{"id":18762,"date":"2019-04-02T16:56:28","date_gmt":"2019-04-02T16:56:28","guid":{"rendered":"https:\/\/sertv.gob.pa\/crisolfm\/?p=18762"},"modified":"2019-04-02T16:56:28","modified_gmt":"2019-04-02T16:56:28","slug":"inauguran-exposicion-fotografica-sobre-paris","status":"publish","type":"post","link":"https:\/\/sertv.gob.pa\/crisolfm\/inauguran-exposicion-fotografica-sobre-paris\/","title":{"rendered":"Inauguran exposici\u00f3n fotogr\u00e1fica sobre Paris"},"content":{"rendered":"<p>La Alianza Francesa de Panam\u00e1, durante todo el mes de abril, les propone descubrir una exposici\u00f3n fotogr\u00e1fica sobre la capital francesa y la luz que la ilumina. Ma\u00f1ana, a las 7:00 p.m., se inaugurar\u00e1 en ese recinto la exposici\u00f3n \u201cLa Luz y la Ciudad\u201d en la que podr\u00e1n ver Par\u00eds a trav\u00e9s de las 11 fotograf\u00edas de Rafael Guill\u00e9n.<\/p>\n<p>Desde 2011 el fot\u00f3grafo vive y trabaja en el pa\u00eds donde desarrolla la serie \u00abPanam\u00e1 es Negro y Blanco\u00bb, con la cual intenta reflejar la mezcla de culturas, colores y sabores de un pa\u00eds hermoso, tanto por su gente, sitios y costumbres. Actualmente labora como productor audiovisual en el taller del maestro Carlos Cruz-Diez, Articruz en la capital.<\/p>\n<p>&nbsp;<\/p>\n","protected":false},"excerpt":{"rendered":"<p>La Alianza Francesa de Panam\u00e1, durante todo el mes de <a href=\"https:\/\/sertv.gob.pa\/crisolfm\/inauguran-exposicion-fotografica-sobre-paris\/\"> [&#8230;]<\/a><\/p>\n","protected":false},"author":64,"featured_media":18764,"comment_status":"closed","ping_status":"closed","sticky":false,"template":"","format":"standard","meta":{"footnotes":""},"categories":[6],"tags":[],"class_list":["post-18762","post","type-post","status-publish","format-standard","has-post-thumbnail","hentry","category-culturales"],"_links":{"self":[{"href":"https:\/\/sertv.gob.pa\/crisolfm\/wp-json\/wp\/v2\/posts\/18762","targetHints":{"allow":["GET"]}}],"collection":[{"href":"https:\/\/sertv.gob.pa\/crisolfm\/wp-json\/wp\/v2\/posts"}],"about":[{"href":"https:\/\/sertv.gob.pa\/crisolfm\/wp-json\/wp\/v2\/types\/post"}],"author":[{"embeddable":true,"href":"https:\/\/sertv.gob.pa\/crisolfm\/wp-json\/wp\/v2\/users\/64"}],"replies":[{"embeddable":true,"href":"https:\/\/sertv.gob.pa\/crisolfm\/wp-json\/wp\/v2\/comments?post=18762"}],"version-history":[{"count":1,"href":"https:\/\/sertv.gob.pa\/crisolfm\/wp-json\/wp\/v2\/posts\/18762\/revisions"}],"predecessor-version":[{"id":18765,"href":"https:\/\/sertv.gob.pa\/crisolfm\/wp-json\/wp\/v2\/posts\/18762\/revisions\/18765"}],"wp:featuredmedia":[{"embeddable":true,"href":"https:\/\/sertv.gob.pa\/crisolfm\/wp-json\/wp\/v2\/media\/18764"}],"wp:attachment":[{"href":"https:\/\/sertv.gob.pa\/crisolfm\/wp-json\/wp\/v2\/media?parent=18762"}],"wp:term":[{"taxonomy":"category","embeddable":true,"href":"https:\/\/sertv.gob.pa\/crisolfm\/wp-json\/wp\/v2\/categories?post=18762"},{"taxonomy":"post_tag","embeddable":true,"href":"https:\/\/sertv.gob.pa\/crisolfm\/wp-json\/wp\/v2\/tags?post=18762"}],"curies":[{"name":"wp","href":"https:\/\/api.w.org\/{rel}","templated":true}]}}