{"id":18812,"date":"2019-04-03T13:37:14","date_gmt":"2019-04-03T13:37:14","guid":{"rendered":"https:\/\/sertv.gob.pa\/crisolfm\/?p=18812"},"modified":"2019-04-03T13:37:14","modified_gmt":"2019-04-03T13:37:14","slug":"quinteto-argentino-astor-piazzolla-en-panama","status":"publish","type":"post","link":"https:\/\/sertv.gob.pa\/crisolfm\/quinteto-argentino-astor-piazzolla-en-panama\/","title":{"rendered":"Quinteto argentino Astor Piazzolla en Panam\u00e1"},"content":{"rendered":"<p>La Ventanilla Cultural de la Alcald\u00eda de Panam\u00e1 presentar\u00e1 al quinteto argentino Astor Piazzolla, en el marco de las celebraciones de Panam\u00e1 como Capital Iberoamericana de la Cultura.<\/p>\n<p>La agrupaci\u00f3n, que es parte del programa Ciudades de Agua (Buenos Aires), se ha dado a conocer por llevar el nombre del fallecido compositor argentino Astor Piazzola, considerado uno de los artistas m\u00e1s importantes del siglo XX. Los m\u00fasicos son catalogados por algunas personalidades como \u2018la \u00fanica agrupaci\u00f3n capaz de interpretar el esp\u00edritu de una leyenda que revolucion\u00f3 el tango&#8217;. Juntos llevan m\u00e1s de 20 a\u00f1os difundiendo su m\u00fasica. La cita ser\u00e1 el pr\u00f3ximo 11 de abril en el Ateneo de la Ciudad del Saber, a las 7:30 de la noche. La entrada es abierta a todo p\u00fablico.<\/p>\n<p>&nbsp;<\/p>\n","protected":false},"excerpt":{"rendered":"<p>La Ventanilla Cultural de la Alcald\u00eda de Panam\u00e1 presentar\u00e1 al <a href=\"https:\/\/sertv.gob.pa\/crisolfm\/quinteto-argentino-astor-piazzolla-en-panama\/\"> [&#8230;]<\/a><\/p>\n","protected":false},"author":64,"featured_media":18814,"comment_status":"closed","ping_status":"closed","sticky":false,"template":"","format":"standard","meta":{"footnotes":""},"categories":[6],"tags":[],"class_list":["post-18812","post","type-post","status-publish","format-standard","has-post-thumbnail","hentry","category-culturales"],"_links":{"self":[{"href":"https:\/\/sertv.gob.pa\/crisolfm\/wp-json\/wp\/v2\/posts\/18812","targetHints":{"allow":["GET"]}}],"collection":[{"href":"https:\/\/sertv.gob.pa\/crisolfm\/wp-json\/wp\/v2\/posts"}],"about":[{"href":"https:\/\/sertv.gob.pa\/crisolfm\/wp-json\/wp\/v2\/types\/post"}],"author":[{"embeddable":true,"href":"https:\/\/sertv.gob.pa\/crisolfm\/wp-json\/wp\/v2\/users\/64"}],"replies":[{"embeddable":true,"href":"https:\/\/sertv.gob.pa\/crisolfm\/wp-json\/wp\/v2\/comments?post=18812"}],"version-history":[{"count":1,"href":"https:\/\/sertv.gob.pa\/crisolfm\/wp-json\/wp\/v2\/posts\/18812\/revisions"}],"predecessor-version":[{"id":18815,"href":"https:\/\/sertv.gob.pa\/crisolfm\/wp-json\/wp\/v2\/posts\/18812\/revisions\/18815"}],"wp:featuredmedia":[{"embeddable":true,"href":"https:\/\/sertv.gob.pa\/crisolfm\/wp-json\/wp\/v2\/media\/18814"}],"wp:attachment":[{"href":"https:\/\/sertv.gob.pa\/crisolfm\/wp-json\/wp\/v2\/media?parent=18812"}],"wp:term":[{"taxonomy":"category","embeddable":true,"href":"https:\/\/sertv.gob.pa\/crisolfm\/wp-json\/wp\/v2\/categories?post=18812"},{"taxonomy":"post_tag","embeddable":true,"href":"https:\/\/sertv.gob.pa\/crisolfm\/wp-json\/wp\/v2\/tags?post=18812"}],"curies":[{"name":"wp","href":"https:\/\/api.w.org\/{rel}","templated":true}]}}