{"id":18816,"date":"2019-04-03T13:42:27","date_gmt":"2019-04-03T13:42:27","guid":{"rendered":"https:\/\/sertv.gob.pa\/crisolfm\/?p=18816"},"modified":"2019-04-03T13:42:27","modified_gmt":"2019-04-03T13:42:27","slug":"todo-listo-para-la-feria-educate-2019-2","status":"publish","type":"post","link":"https:\/\/sertv.gob.pa\/crisolfm\/todo-listo-para-la-feria-educate-2019-2\/","title":{"rendered":"Todo listo para la feria \u201cEd\u00facate 2019\u201d"},"content":{"rendered":"<p>El Instituto para la Formaci\u00f3n y Aprovechamiento de los Recursos Humanos (IFARHU) anunci\u00f3 que del pr\u00f3ximo 10 al 12 de abril se realizar\u00e1 la Feria Ed\u00facate 2019, en donde los j\u00f3venes que anhelan estudiar: licenciaturas, maestr\u00edas, postgrados y cursos de idiomas podr\u00e1n optar por una beca. El a\u00f1o pasado concluy\u00f3 con una participaci\u00f3n de 22 mil personas y 160 universidades y centros de ense\u00f1anza superior.<\/p>\n<p>La directora general del IFARHU, Delia Arosemena, dijo que pueden participar j\u00f3venes que se vayan a graduar de sexto a\u00f1o. De ser menor de edad, deber\u00e1 acudir con un adulto responsable. La actividad se llevar\u00e1 a cabo desde las 9:00 a.m., hasta las 5:00 p.m., en el Centro de Convenciones Atlapa y ser\u00e1 abierta al p\u00fablico.<\/p>\n<p>&nbsp;<\/p>\n","protected":false},"excerpt":{"rendered":"<p>El Instituto para la Formaci\u00f3n y Aprovechamiento de los Recursos <a href=\"https:\/\/sertv.gob.pa\/crisolfm\/todo-listo-para-la-feria-educate-2019-2\/\"> [&#8230;]<\/a><\/p>\n","protected":false},"author":64,"featured_media":18818,"comment_status":"closed","ping_status":"closed","sticky":false,"template":"","format":"standard","meta":{"footnotes":""},"categories":[6],"tags":[],"class_list":["post-18816","post","type-post","status-publish","format-standard","has-post-thumbnail","hentry","category-culturales"],"_links":{"self":[{"href":"https:\/\/sertv.gob.pa\/crisolfm\/wp-json\/wp\/v2\/posts\/18816","targetHints":{"allow":["GET"]}}],"collection":[{"href":"https:\/\/sertv.gob.pa\/crisolfm\/wp-json\/wp\/v2\/posts"}],"about":[{"href":"https:\/\/sertv.gob.pa\/crisolfm\/wp-json\/wp\/v2\/types\/post"}],"author":[{"embeddable":true,"href":"https:\/\/sertv.gob.pa\/crisolfm\/wp-json\/wp\/v2\/users\/64"}],"replies":[{"embeddable":true,"href":"https:\/\/sertv.gob.pa\/crisolfm\/wp-json\/wp\/v2\/comments?post=18816"}],"version-history":[{"count":1,"href":"https:\/\/sertv.gob.pa\/crisolfm\/wp-json\/wp\/v2\/posts\/18816\/revisions"}],"predecessor-version":[{"id":18819,"href":"https:\/\/sertv.gob.pa\/crisolfm\/wp-json\/wp\/v2\/posts\/18816\/revisions\/18819"}],"wp:featuredmedia":[{"embeddable":true,"href":"https:\/\/sertv.gob.pa\/crisolfm\/wp-json\/wp\/v2\/media\/18818"}],"wp:attachment":[{"href":"https:\/\/sertv.gob.pa\/crisolfm\/wp-json\/wp\/v2\/media?parent=18816"}],"wp:term":[{"taxonomy":"category","embeddable":true,"href":"https:\/\/sertv.gob.pa\/crisolfm\/wp-json\/wp\/v2\/categories?post=18816"},{"taxonomy":"post_tag","embeddable":true,"href":"https:\/\/sertv.gob.pa\/crisolfm\/wp-json\/wp\/v2\/tags?post=18816"}],"curies":[{"name":"wp","href":"https:\/\/api.w.org\/{rel}","templated":true}]}}