{"id":18847,"date":"2019-04-03T14:45:36","date_gmt":"2019-04-03T14:45:36","guid":{"rendered":"https:\/\/sertv.gob.pa\/crisolfm\/?p=18847"},"modified":"2019-04-03T14:45:36","modified_gmt":"2019-04-03T14:45:36","slug":"el-cambio-climatico-acorrala-a-los-delfines","status":"publish","type":"post","link":"https:\/\/sertv.gob.pa\/crisolfm\/el-cambio-climatico-acorrala-a-los-delfines\/","title":{"rendered":"El cambio clim\u00e1tico \u2018acorrala\u2019 a los delfines"},"content":{"rendered":"<p>Una ola de calor marina sin precedentes en 2011 tuvo un impacto negativo duradero en la supervivencia y tasas de natalidad en la ic\u00f3nica poblaci\u00f3n de delfines en Shark Bay, en Australia Occidental. Las temperaturas del agua subieron m\u00e1s de cuatro grados por encima del promedio anual y el periodo extendido caus\u00f3 una p\u00e9rdida sustancial de pastos marinos. Ahora, investigadores de la Universidad de Zurich (UZH), en Suiza, han documentado que el cambio clim\u00e1tico puede tener consecuencias de mayor alcance para <strong>la conservaci\u00f3n de los mam\u00edferos marinos<\/strong> de lo que se pensaba anteriormente.<\/p>\n<p>Los cient\u00edficos han investigado c\u00f3mo este da\u00f1o ambiental ha afectado<em> la supervivencia y la reproducci\u00f3n de los delfines<\/em>. Utilizaron datos a largo plazo de cientos de animales recolectados durante un periodo de diez a\u00f1os desde 2007 hasta 2017. Sus an\u00e1lisis revelaron que la tasa de supervivencia de los delfines hab\u00eda disminuido en un 12 por ciento despu\u00e9s de la ola de calor de 2011. Adem\u00e1s, los delfines hembra estaban dando a luz menos cr\u00edas, un fen\u00f3meno que dur\u00f3 al menos hasta 2017.<\/p>\n<p>\u00abLa magnitud de la influencia negativa de la ola de calor nos sorprendi\u00f3\u00bb, dice la primera autora del estudio, Sonja Wild, excandidata a doctorado en la Universidad de Leeds, en Reino Unido. \u00abEs particularmente inusual que el \u00e9xito reproductivo de las hembras no haya regresado a los niveles normales, incluso despu\u00e9s de seis a\u00f1os\u00bb. Hay varias explicaciones posibles para este fen\u00f3meno, por ejemplo, el abandono de las cr\u00edas, el aumento de la mortalidad neonatal, el retraso de la madurez sexual o una combinaci\u00f3n de estos, pero los investigadores a\u00fan no han podido investigarlos en detalle.<\/p>\n<p>ECOticias<\/p>\n","protected":false},"excerpt":{"rendered":"<p>Una ola de calor marina sin precedentes en 2011 tuvo <a href=\"https:\/\/sertv.gob.pa\/crisolfm\/el-cambio-climatico-acorrala-a-los-delfines\/\"> [&#8230;]<\/a><\/p>\n","protected":false},"author":64,"featured_media":18849,"comment_status":"closed","ping_status":"closed","sticky":false,"template":"","format":"standard","meta":{"footnotes":""},"categories":[7],"tags":[],"class_list":["post-18847","post","type-post","status-publish","format-standard","has-post-thumbnail","hentry","category-ecologicas"],"_links":{"self":[{"href":"https:\/\/sertv.gob.pa\/crisolfm\/wp-json\/wp\/v2\/posts\/18847","targetHints":{"allow":["GET"]}}],"collection":[{"href":"https:\/\/sertv.gob.pa\/crisolfm\/wp-json\/wp\/v2\/posts"}],"about":[{"href":"https:\/\/sertv.gob.pa\/crisolfm\/wp-json\/wp\/v2\/types\/post"}],"author":[{"embeddable":true,"href":"https:\/\/sertv.gob.pa\/crisolfm\/wp-json\/wp\/v2\/users\/64"}],"replies":[{"embeddable":true,"href":"https:\/\/sertv.gob.pa\/crisolfm\/wp-json\/wp\/v2\/comments?post=18847"}],"version-history":[{"count":1,"href":"https:\/\/sertv.gob.pa\/crisolfm\/wp-json\/wp\/v2\/posts\/18847\/revisions"}],"predecessor-version":[{"id":18850,"href":"https:\/\/sertv.gob.pa\/crisolfm\/wp-json\/wp\/v2\/posts\/18847\/revisions\/18850"}],"wp:featuredmedia":[{"embeddable":true,"href":"https:\/\/sertv.gob.pa\/crisolfm\/wp-json\/wp\/v2\/media\/18849"}],"wp:attachment":[{"href":"https:\/\/sertv.gob.pa\/crisolfm\/wp-json\/wp\/v2\/media?parent=18847"}],"wp:term":[{"taxonomy":"category","embeddable":true,"href":"https:\/\/sertv.gob.pa\/crisolfm\/wp-json\/wp\/v2\/categories?post=18847"},{"taxonomy":"post_tag","embeddable":true,"href":"https:\/\/sertv.gob.pa\/crisolfm\/wp-json\/wp\/v2\/tags?post=18847"}],"curies":[{"name":"wp","href":"https:\/\/api.w.org\/{rel}","templated":true}]}}