{"id":18855,"date":"2019-04-04T20:31:15","date_gmt":"2019-04-04T20:31:15","guid":{"rendered":"https:\/\/sertv.gob.pa\/crisolfm\/?p=18855"},"modified":"2019-04-04T20:31:15","modified_gmt":"2019-04-04T20:31:15","slug":"bomberos-han-sofocado-5165-incendios-forestales-durante-el-ano","status":"publish","type":"post","link":"https:\/\/sertv.gob.pa\/crisolfm\/bomberos-han-sofocado-5165-incendios-forestales-durante-el-ano\/","title":{"rendered":"Bomberos han sofocado 5,165 incendios forestales durante el a\u00f1o"},"content":{"rendered":"<p>Durante el primer trimestre del a\u00f1o, el Cuerpo de Bomberos de Panam\u00e1 ha tenido que sofocar 5,165 incendios forestales en todo el pa\u00eds. La cifra supera a los incendios del a\u00f1o pasado que estuvieron cerca de los 3,000 durante todo el a\u00f1o, se\u00f1al\u00f3 Jorge Carre\u00f1o, jefe de Incendios Forestales de la entidad. Agreg\u00f3 su preocupaci\u00f3n por la gran cantidad de incendios forestales y, a su juicio, se incrementar\u00e1n m\u00e1s como consecuencia del fen\u00f3meno de El Ni\u00f1o. \u201cEn la medida que se mantenga la sequ\u00eda m\u00e1s all\u00e1 de la estaci\u00f3n seca, siempre habr\u00e1 la posibilidad de que ocurra un incendio forestal\u201d, expres\u00f3.<\/p>\n<p>Igualmente mostr\u00f3 su preocupaci\u00f3n porque este a\u00f1o, los incendios forestales han afectados varias zonas protegidas. Adem\u00e1s de la Reserva de Punta Pati\u00f1o, en la provincia de Dari\u00e9n, que administra la Asociaci\u00f3n para la Conservaci\u00f3n de la Naturaleza (Ancon), la Reserva de la Yeguada, en la provincia de Veraguas, y en el Parque Camino de Cruces y Parque Soberan\u00eda en la provincia de Panam\u00e1. Carre\u00f1o explic\u00f3 que los incendios forestales son provocados fundamentalmente por la mano del hombre por diversos factores: la expansi\u00f3n agr\u00edcola y ganadera, las invasiones de tierra por precaristas y la quema de basura en herbazales.<\/p>\n<p>&nbsp;<\/p>\n","protected":false},"excerpt":{"rendered":"<p>Durante el primer trimestre del a\u00f1o, el Cuerpo de Bomberos <a href=\"https:\/\/sertv.gob.pa\/crisolfm\/bomberos-han-sofocado-5165-incendios-forestales-durante-el-ano\/\"> [&#8230;]<\/a><\/p>\n","protected":false},"author":64,"featured_media":18857,"comment_status":"closed","ping_status":"closed","sticky":false,"template":"","format":"standard","meta":{"footnotes":""},"categories":[7],"tags":[],"class_list":["post-18855","post","type-post","status-publish","format-standard","has-post-thumbnail","hentry","category-ecologicas"],"_links":{"self":[{"href":"https:\/\/sertv.gob.pa\/crisolfm\/wp-json\/wp\/v2\/posts\/18855","targetHints":{"allow":["GET"]}}],"collection":[{"href":"https:\/\/sertv.gob.pa\/crisolfm\/wp-json\/wp\/v2\/posts"}],"about":[{"href":"https:\/\/sertv.gob.pa\/crisolfm\/wp-json\/wp\/v2\/types\/post"}],"author":[{"embeddable":true,"href":"https:\/\/sertv.gob.pa\/crisolfm\/wp-json\/wp\/v2\/users\/64"}],"replies":[{"embeddable":true,"href":"https:\/\/sertv.gob.pa\/crisolfm\/wp-json\/wp\/v2\/comments?post=18855"}],"version-history":[{"count":1,"href":"https:\/\/sertv.gob.pa\/crisolfm\/wp-json\/wp\/v2\/posts\/18855\/revisions"}],"predecessor-version":[{"id":18858,"href":"https:\/\/sertv.gob.pa\/crisolfm\/wp-json\/wp\/v2\/posts\/18855\/revisions\/18858"}],"wp:featuredmedia":[{"embeddable":true,"href":"https:\/\/sertv.gob.pa\/crisolfm\/wp-json\/wp\/v2\/media\/18857"}],"wp:attachment":[{"href":"https:\/\/sertv.gob.pa\/crisolfm\/wp-json\/wp\/v2\/media?parent=18855"}],"wp:term":[{"taxonomy":"category","embeddable":true,"href":"https:\/\/sertv.gob.pa\/crisolfm\/wp-json\/wp\/v2\/categories?post=18855"},{"taxonomy":"post_tag","embeddable":true,"href":"https:\/\/sertv.gob.pa\/crisolfm\/wp-json\/wp\/v2\/tags?post=18855"}],"curies":[{"name":"wp","href":"https:\/\/api.w.org\/{rel}","templated":true}]}}