{"id":18859,"date":"2019-04-04T20:32:54","date_gmt":"2019-04-04T20:32:54","guid":{"rendered":"https:\/\/sertv.gob.pa\/crisolfm\/?p=18859"},"modified":"2019-04-04T20:32:54","modified_gmt":"2019-04-04T20:32:54","slug":"cooltural-fest-2019-en-el-parque-urraca-el-sabado-6-de-abril","status":"publish","type":"post","link":"https:\/\/sertv.gob.pa\/crisolfm\/cooltural-fest-2019-en-el-parque-urraca-el-sabado-6-de-abril\/","title":{"rendered":"\u201cCooltural Fest\u201d 2019 en el Parque Urrac\u00e1 el s\u00e1bado 6 de abril"},"content":{"rendered":"<p>El pr\u00f3ximo s\u00e1bado 6 de abril, en los predios del Parque Urrac\u00e1 se realizar\u00e1 el \u2018Cooltural Fest 2019&#8242;. El encuentro, que es organizado por Grada Radio, estar\u00e1 deleitando al p\u00fablico con eventos simult\u00e1neos como: cine, cuentacuentos, t\u00edteres, show canino, mercadito y talleres, entre muchas otras.<\/p>\n<p>Igualmente habr\u00e1 m\u00fasica en vivo con Radio Palenque, V\u00edctor Jaramillo, Sentimiento Juvenil, La Kshamba y Mecanick Informal. Las personas se podr\u00e1n apersonar desde las 9:00 de la ma\u00f1ana. La entrada es abierta a todo p\u00fablico y gratuita.<\/p>\n","protected":false},"excerpt":{"rendered":"<p>El pr\u00f3ximo s\u00e1bado 6 de abril, en los predios del <a href=\"https:\/\/sertv.gob.pa\/crisolfm\/cooltural-fest-2019-en-el-parque-urraca-el-sabado-6-de-abril\/\"> [&#8230;]<\/a><\/p>\n","protected":false},"author":64,"featured_media":18861,"comment_status":"closed","ping_status":"closed","sticky":false,"template":"","format":"standard","meta":{"footnotes":""},"categories":[6],"tags":[],"class_list":["post-18859","post","type-post","status-publish","format-standard","has-post-thumbnail","hentry","category-culturales"],"_links":{"self":[{"href":"https:\/\/sertv.gob.pa\/crisolfm\/wp-json\/wp\/v2\/posts\/18859","targetHints":{"allow":["GET"]}}],"collection":[{"href":"https:\/\/sertv.gob.pa\/crisolfm\/wp-json\/wp\/v2\/posts"}],"about":[{"href":"https:\/\/sertv.gob.pa\/crisolfm\/wp-json\/wp\/v2\/types\/post"}],"author":[{"embeddable":true,"href":"https:\/\/sertv.gob.pa\/crisolfm\/wp-json\/wp\/v2\/users\/64"}],"replies":[{"embeddable":true,"href":"https:\/\/sertv.gob.pa\/crisolfm\/wp-json\/wp\/v2\/comments?post=18859"}],"version-history":[{"count":1,"href":"https:\/\/sertv.gob.pa\/crisolfm\/wp-json\/wp\/v2\/posts\/18859\/revisions"}],"predecessor-version":[{"id":18862,"href":"https:\/\/sertv.gob.pa\/crisolfm\/wp-json\/wp\/v2\/posts\/18859\/revisions\/18862"}],"wp:featuredmedia":[{"embeddable":true,"href":"https:\/\/sertv.gob.pa\/crisolfm\/wp-json\/wp\/v2\/media\/18861"}],"wp:attachment":[{"href":"https:\/\/sertv.gob.pa\/crisolfm\/wp-json\/wp\/v2\/media?parent=18859"}],"wp:term":[{"taxonomy":"category","embeddable":true,"href":"https:\/\/sertv.gob.pa\/crisolfm\/wp-json\/wp\/v2\/categories?post=18859"},{"taxonomy":"post_tag","embeddable":true,"href":"https:\/\/sertv.gob.pa\/crisolfm\/wp-json\/wp\/v2\/tags?post=18859"}],"curies":[{"name":"wp","href":"https:\/\/api.w.org\/{rel}","templated":true}]}}