{"id":18870,"date":"2019-04-04T20:39:02","date_gmt":"2019-04-04T20:39:02","guid":{"rendered":"https:\/\/sertv.gob.pa\/crisolfm\/?p=18870"},"modified":"2019-04-04T20:39:02","modified_gmt":"2019-04-04T20:39:02","slug":"exposicion-pictorica-colectiva-simbiosis-en-la-galeria-juan-manuel-cedeno","status":"publish","type":"post","link":"https:\/\/sertv.gob.pa\/crisolfm\/exposicion-pictorica-colectiva-simbiosis-en-la-galeria-juan-manuel-cedeno\/","title":{"rendered":"Exposici\u00f3n pict\u00f3rica colectiva \u201cSimbiosis\u201d en la Galer\u00eda Juan Manuel Cede\u00f1o"},"content":{"rendered":"<p>La Universidad Cat\u00f3lica Santa Mar\u00eda La Antigua, El Instituto Nacional de Cultura y la Universidad de Personas Mayores del Centro de Capacitaci\u00f3n Certificaci\u00f3n T\u00e9cnica y Profesional, inauguraron la exposici\u00f3n pict\u00f3rica colectiva \u201cSimbiosis\u201d, conformada por de 15 artistas emergentes. La muestra se presentar\u00e1 hasta el pr\u00f3ximo 12 de abril en la Galer\u00eda Juan Manuel Cede\u00f1o del INAC, de lunes a viernes en horario de 9:00 a.m., a 4:00 de la tarde.<\/p>\n<p>\u201cEn la preparaci\u00f3n se les ense\u00f1an a los estudiantes diferentes t\u00e9cnicas como: \u00f3leo, acuarela, pastel, acr\u00edlico. Es una manera de despertar la creatividad y el talento de los participantes y salir del aburrimiento en casa\u201d, manifest\u00f3 el profesor Nicol\u00e1s Mart\u00ednez.<\/p>\n<p>&nbsp;<\/p>\n","protected":false},"excerpt":{"rendered":"<p>La Universidad Cat\u00f3lica Santa Mar\u00eda La Antigua, El Instituto Nacional <a href=\"https:\/\/sertv.gob.pa\/crisolfm\/exposicion-pictorica-colectiva-simbiosis-en-la-galeria-juan-manuel-cedeno\/\"> [&#8230;]<\/a><\/p>\n","protected":false},"author":64,"featured_media":18872,"comment_status":"closed","ping_status":"closed","sticky":false,"template":"","format":"standard","meta":{"footnotes":""},"categories":[6],"tags":[],"class_list":["post-18870","post","type-post","status-publish","format-standard","has-post-thumbnail","hentry","category-culturales"],"_links":{"self":[{"href":"https:\/\/sertv.gob.pa\/crisolfm\/wp-json\/wp\/v2\/posts\/18870","targetHints":{"allow":["GET"]}}],"collection":[{"href":"https:\/\/sertv.gob.pa\/crisolfm\/wp-json\/wp\/v2\/posts"}],"about":[{"href":"https:\/\/sertv.gob.pa\/crisolfm\/wp-json\/wp\/v2\/types\/post"}],"author":[{"embeddable":true,"href":"https:\/\/sertv.gob.pa\/crisolfm\/wp-json\/wp\/v2\/users\/64"}],"replies":[{"embeddable":true,"href":"https:\/\/sertv.gob.pa\/crisolfm\/wp-json\/wp\/v2\/comments?post=18870"}],"version-history":[{"count":1,"href":"https:\/\/sertv.gob.pa\/crisolfm\/wp-json\/wp\/v2\/posts\/18870\/revisions"}],"predecessor-version":[{"id":18873,"href":"https:\/\/sertv.gob.pa\/crisolfm\/wp-json\/wp\/v2\/posts\/18870\/revisions\/18873"}],"wp:featuredmedia":[{"embeddable":true,"href":"https:\/\/sertv.gob.pa\/crisolfm\/wp-json\/wp\/v2\/media\/18872"}],"wp:attachment":[{"href":"https:\/\/sertv.gob.pa\/crisolfm\/wp-json\/wp\/v2\/media?parent=18870"}],"wp:term":[{"taxonomy":"category","embeddable":true,"href":"https:\/\/sertv.gob.pa\/crisolfm\/wp-json\/wp\/v2\/categories?post=18870"},{"taxonomy":"post_tag","embeddable":true,"href":"https:\/\/sertv.gob.pa\/crisolfm\/wp-json\/wp\/v2\/tags?post=18870"}],"curies":[{"name":"wp","href":"https:\/\/api.w.org\/{rel}","templated":true}]}}