{"id":18874,"date":"2019-04-04T20:42:18","date_gmt":"2019-04-04T20:42:18","guid":{"rendered":"https:\/\/sertv.gob.pa\/crisolfm\/?p=18874"},"modified":"2019-04-04T20:42:18","modified_gmt":"2019-04-04T20:42:18","slug":"peliculas-infantiles-llegan-al-iff-por-primera-vez","status":"publish","type":"post","link":"https:\/\/sertv.gob.pa\/crisolfm\/peliculas-infantiles-llegan-al-iff-por-primera-vez\/","title":{"rendered":"Pel\u00edculas infantiles llegan al IFF por primera vez"},"content":{"rendered":"<p>El Festival Internacional de Cine de Panam\u00e1 (IFF) innovar\u00e1 al a\u00f1adir t\u00edtulos de filmes para llegar al p\u00fablico infantil. \u201cEste espacio es para que ni\u00f1os de todas las edades disfruten la magia del cine, y en este programa IFF Panam\u00e1 incluye pel\u00edculas que deleitar\u00e1n a toda la familia, dando un vistazo a la vida en otras partes\u201d, manifest\u00f3 Pituka Ortega Heilbron, directora de IFF.<\/p>\n<p><strong>Pel\u00edculas<\/strong><br \/>\nEl largometraje \u201cAbe\u201d, dirigido por Fernando Grostein, recrea la historia de un ni\u00f1o de 12 a\u00f1os y su pasi\u00f3n por la cocina. Se proyectar\u00e1 el 7 de abril en Cin\u00e9polis a las 10:00 a.m. El filme animado \u201cEl \u00e1ngel en el reloj\u201d, del cineasta Miguel Uriegas, narra la vida de Amelia, una ni\u00f1a que vive con una grave enfermedad por lo que desea parar el tiempo. Ser\u00e1 exhibida el 7 de abril en Cin\u00e9polis a las 12:15 m. El japon\u00e9s Mamoru Hosoda presentar\u00e1 la animaci\u00f3n \u201cMirai, mi hermana peque\u00f1a\u201d, sobre Kun, quien conoce a su hermana reci\u00e9n nacida, por la que empieza a sentir celos. Se presentar\u00e1 el 6 de abril en Cin\u00e9polis, a las 12:40 m. Otro t\u00edtulo animado es \u201cTito y los p\u00e1jaros\u201d, dirigido por Gustavo Steinberg, Gabriel Bitar y Andr\u00e9 Catoto, pel\u00edcula que sigue la aventura de Tito, un t\u00edmido ni\u00f1o de 10 a\u00f1os que vive con su madre y de repente, una epidemia empieza a diseminarse, enfermando a la gente cada vez que se asustan. Podr\u00e1 ser vista el 6 de abril en Cin\u00e9polis, a las 10:00 a.m.<\/p>\n<p>&nbsp;<\/p>\n","protected":false},"excerpt":{"rendered":"<p>El Festival Internacional de Cine de Panam\u00e1 (IFF) innovar\u00e1 al <a href=\"https:\/\/sertv.gob.pa\/crisolfm\/peliculas-infantiles-llegan-al-iff-por-primera-vez\/\"> [&#8230;]<\/a><\/p>\n","protected":false},"author":64,"featured_media":18876,"comment_status":"closed","ping_status":"closed","sticky":false,"template":"","format":"standard","meta":{"footnotes":""},"categories":[6],"tags":[],"class_list":["post-18874","post","type-post","status-publish","format-standard","has-post-thumbnail","hentry","category-culturales"],"_links":{"self":[{"href":"https:\/\/sertv.gob.pa\/crisolfm\/wp-json\/wp\/v2\/posts\/18874","targetHints":{"allow":["GET"]}}],"collection":[{"href":"https:\/\/sertv.gob.pa\/crisolfm\/wp-json\/wp\/v2\/posts"}],"about":[{"href":"https:\/\/sertv.gob.pa\/crisolfm\/wp-json\/wp\/v2\/types\/post"}],"author":[{"embeddable":true,"href":"https:\/\/sertv.gob.pa\/crisolfm\/wp-json\/wp\/v2\/users\/64"}],"replies":[{"embeddable":true,"href":"https:\/\/sertv.gob.pa\/crisolfm\/wp-json\/wp\/v2\/comments?post=18874"}],"version-history":[{"count":1,"href":"https:\/\/sertv.gob.pa\/crisolfm\/wp-json\/wp\/v2\/posts\/18874\/revisions"}],"predecessor-version":[{"id":18877,"href":"https:\/\/sertv.gob.pa\/crisolfm\/wp-json\/wp\/v2\/posts\/18874\/revisions\/18877"}],"wp:featuredmedia":[{"embeddable":true,"href":"https:\/\/sertv.gob.pa\/crisolfm\/wp-json\/wp\/v2\/media\/18876"}],"wp:attachment":[{"href":"https:\/\/sertv.gob.pa\/crisolfm\/wp-json\/wp\/v2\/media?parent=18874"}],"wp:term":[{"taxonomy":"category","embeddable":true,"href":"https:\/\/sertv.gob.pa\/crisolfm\/wp-json\/wp\/v2\/categories?post=18874"},{"taxonomy":"post_tag","embeddable":true,"href":"https:\/\/sertv.gob.pa\/crisolfm\/wp-json\/wp\/v2\/tags?post=18874"}],"curies":[{"name":"wp","href":"https:\/\/api.w.org\/{rel}","templated":true}]}}