{"id":18884,"date":"2019-04-05T13:24:29","date_gmt":"2019-04-05T13:24:29","guid":{"rendered":"https:\/\/sertv.gob.pa\/crisolfm\/?p=18884"},"modified":"2019-04-05T13:24:29","modified_gmt":"2019-04-05T13:24:29","slug":"europa-urge-a-retirar-del-mercado-los-coches-mas-contaminantes","status":"publish","type":"post","link":"https:\/\/sertv.gob.pa\/crisolfm\/europa-urge-a-retirar-del-mercado-los-coches-mas-contaminantes\/","title":{"rendered":"Europa urge a retirar del mercado los coches m\u00e1s contaminantes"},"content":{"rendered":"<p>El pleno del Parlamento Europeo ha pedido este jueves a los pa\u00edses del bloque comunitario que adopten medidas \u00abde emergencia\u00bb para retirar del mercado el \u00abelevado n\u00famero\u00bb de coches que son \u00ab<strong>altamente contaminantes<\/strong>\u00ab, al tiempo que les han recomendado que se coordinen con los fabricantes para llevar a cabo los acondicionamientos obligatorios en los veh\u00edculos para reducir las emisiones de di\u00f3xido de nitr\u00f3geno (NO2).<\/p>\n<p>En una resoluci\u00f3n, aprobada con 301 votos a favor, 181 en contra y 42 abstenciones, los eurodiputados lamentan que <em>el \u00ablegado\u00bb del esc\u00e1ndalo de emisiones de 2015<\/em> sigue \u00aben gran medida sin resolverse\u00bb y advierten de que \u00abcontinuar\u00e1 da\u00f1ando la calidad del aire durante los pr\u00f3ximos a\u00f1os\u00bb si no se adoptan acciones coordinadas.<\/p>\n<p>ECOticias<\/p>\n","protected":false},"excerpt":{"rendered":"<p>El pleno del Parlamento Europeo ha pedido este jueves a <a href=\"https:\/\/sertv.gob.pa\/crisolfm\/europa-urge-a-retirar-del-mercado-los-coches-mas-contaminantes\/\"> [&#8230;]<\/a><\/p>\n","protected":false},"author":64,"featured_media":18886,"comment_status":"closed","ping_status":"closed","sticky":false,"template":"","format":"standard","meta":{"footnotes":""},"categories":[7],"tags":[],"class_list":["post-18884","post","type-post","status-publish","format-standard","has-post-thumbnail","hentry","category-ecologicas"],"_links":{"self":[{"href":"https:\/\/sertv.gob.pa\/crisolfm\/wp-json\/wp\/v2\/posts\/18884","targetHints":{"allow":["GET"]}}],"collection":[{"href":"https:\/\/sertv.gob.pa\/crisolfm\/wp-json\/wp\/v2\/posts"}],"about":[{"href":"https:\/\/sertv.gob.pa\/crisolfm\/wp-json\/wp\/v2\/types\/post"}],"author":[{"embeddable":true,"href":"https:\/\/sertv.gob.pa\/crisolfm\/wp-json\/wp\/v2\/users\/64"}],"replies":[{"embeddable":true,"href":"https:\/\/sertv.gob.pa\/crisolfm\/wp-json\/wp\/v2\/comments?post=18884"}],"version-history":[{"count":1,"href":"https:\/\/sertv.gob.pa\/crisolfm\/wp-json\/wp\/v2\/posts\/18884\/revisions"}],"predecessor-version":[{"id":18887,"href":"https:\/\/sertv.gob.pa\/crisolfm\/wp-json\/wp\/v2\/posts\/18884\/revisions\/18887"}],"wp:featuredmedia":[{"embeddable":true,"href":"https:\/\/sertv.gob.pa\/crisolfm\/wp-json\/wp\/v2\/media\/18886"}],"wp:attachment":[{"href":"https:\/\/sertv.gob.pa\/crisolfm\/wp-json\/wp\/v2\/media?parent=18884"}],"wp:term":[{"taxonomy":"category","embeddable":true,"href":"https:\/\/sertv.gob.pa\/crisolfm\/wp-json\/wp\/v2\/categories?post=18884"},{"taxonomy":"post_tag","embeddable":true,"href":"https:\/\/sertv.gob.pa\/crisolfm\/wp-json\/wp\/v2\/tags?post=18884"}],"curies":[{"name":"wp","href":"https:\/\/api.w.org\/{rel}","templated":true}]}}