{"id":18896,"date":"2019-04-05T13:57:14","date_gmt":"2019-04-05T13:57:14","guid":{"rendered":"https:\/\/sertv.gob.pa\/crisolfm\/?p=18896"},"modified":"2019-04-05T13:57:14","modified_gmt":"2019-04-05T13:57:14","slug":"ix-edicion-del-festival-coral-america-cantat-desde-manana","status":"publish","type":"post","link":"https:\/\/sertv.gob.pa\/crisolfm\/ix-edicion-del-festival-coral-america-cantat-desde-manana\/","title":{"rendered":"IX edici\u00f3n del Festival Coral Am\u00e9rica Cantat, desde ma\u00f1ana"},"content":{"rendered":"<p>El concierto inaugural de la IX edici\u00f3n del Festival Coral Am\u00e9rica Cantat 2019, ser\u00e1 este s\u00e1bado 6 de abril, en el Teatro Ascanio Arosemena (ACP).<\/p>\n<p>Hasta el 13 de abril, el p\u00fablico disfrutar\u00e1 de las presentaciones del coro M\u00fasica Viva, el coro Polif\u00f3nico de Panam\u00e1, Cantus Panam\u00e1, Cantemus Panam\u00e1, la Cantor\u00eda infantil y Juvenil Nacional y del repertorio de los estudiantes de la escuela de M\u00fasica de la Universidad de Panam\u00e1.<\/p>\n<p>La actividad empezar\u00e1 a las 7:00 de la noche.<\/p>\n<p>&nbsp;<\/p>\n<p>&nbsp;<\/p>\n","protected":false},"excerpt":{"rendered":"<p>El concierto inaugural de la IX edici\u00f3n del Festival Coral <a href=\"https:\/\/sertv.gob.pa\/crisolfm\/ix-edicion-del-festival-coral-america-cantat-desde-manana\/\"> [&#8230;]<\/a><\/p>\n","protected":false},"author":64,"featured_media":18898,"comment_status":"closed","ping_status":"closed","sticky":false,"template":"","format":"standard","meta":{"footnotes":""},"categories":[6],"tags":[],"class_list":["post-18896","post","type-post","status-publish","format-standard","has-post-thumbnail","hentry","category-culturales"],"_links":{"self":[{"href":"https:\/\/sertv.gob.pa\/crisolfm\/wp-json\/wp\/v2\/posts\/18896","targetHints":{"allow":["GET"]}}],"collection":[{"href":"https:\/\/sertv.gob.pa\/crisolfm\/wp-json\/wp\/v2\/posts"}],"about":[{"href":"https:\/\/sertv.gob.pa\/crisolfm\/wp-json\/wp\/v2\/types\/post"}],"author":[{"embeddable":true,"href":"https:\/\/sertv.gob.pa\/crisolfm\/wp-json\/wp\/v2\/users\/64"}],"replies":[{"embeddable":true,"href":"https:\/\/sertv.gob.pa\/crisolfm\/wp-json\/wp\/v2\/comments?post=18896"}],"version-history":[{"count":1,"href":"https:\/\/sertv.gob.pa\/crisolfm\/wp-json\/wp\/v2\/posts\/18896\/revisions"}],"predecessor-version":[{"id":18899,"href":"https:\/\/sertv.gob.pa\/crisolfm\/wp-json\/wp\/v2\/posts\/18896\/revisions\/18899"}],"wp:featuredmedia":[{"embeddable":true,"href":"https:\/\/sertv.gob.pa\/crisolfm\/wp-json\/wp\/v2\/media\/18898"}],"wp:attachment":[{"href":"https:\/\/sertv.gob.pa\/crisolfm\/wp-json\/wp\/v2\/media?parent=18896"}],"wp:term":[{"taxonomy":"category","embeddable":true,"href":"https:\/\/sertv.gob.pa\/crisolfm\/wp-json\/wp\/v2\/categories?post=18896"},{"taxonomy":"post_tag","embeddable":true,"href":"https:\/\/sertv.gob.pa\/crisolfm\/wp-json\/wp\/v2\/tags?post=18896"}],"curies":[{"name":"wp","href":"https:\/\/api.w.org\/{rel}","templated":true}]}}