{"id":18908,"date":"2019-04-05T14:37:09","date_gmt":"2019-04-05T14:37:09","guid":{"rendered":"https:\/\/sertv.gob.pa\/crisolfm\/?p=18908"},"modified":"2019-04-05T14:37:09","modified_gmt":"2019-04-05T14:37:09","slug":"estrellas-de-mexico-brillaran-en-teatro-anayansi-con-obra-las-arpias-recargadas","status":"publish","type":"post","link":"https:\/\/sertv.gob.pa\/crisolfm\/estrellas-de-mexico-brillaran-en-teatro-anayansi-con-obra-las-arpias-recargadas\/","title":{"rendered":"Estrellas de M\u00e9xico brillar\u00e1n en teatro Anayansi con obra \u201cLas Arp\u00edas Recargadas\u201d"},"content":{"rendered":"<p>La obra de teatro \u201cLas Arp\u00edas Recargadas\u201d, vista por m\u00e1s de 140.000 personas en M\u00e9xico, Estados Unidos y Centroam\u00e9rica llegar\u00e1 a las tablas del Teatro Anayansi, del Centro de Convenciones Atlapa, el pr\u00f3ximo s\u00e1bado 11 de mayo. Asier Isusi, productor de la obra, manifest\u00f3 que \u201ces una puesta en escena de alta calidad, con un elenco de lujo nunca antes visto en el pa\u00eds y en donde durante una hora y 45 minutos que dura la obra, el p\u00fablico ser\u00e1 deleitado con escenas de intriga, suspenso, romance y humor\u201d. Panam\u00e1 fue uno de los destinos elegidos debido a la calidad y cultura de teatro que se ha estado gestando durante los \u00faltimos a\u00f1os, seg\u00fan revelaron los organizadores.<\/p>\n<p>El elenco de \u201cLas Arp\u00edas Recargadas\u201d est\u00e1 conformado por las reconocidas actrices Victoria Rufffo, Jacqueline Andere, Ana Patricia Rojo, Ariadne D\u00edaz, Lorena Vel\u00e1zquez, Ninel Conde, Sherlyn Gonz\u00e1lez, Zoraida G\u00f3mez, la costarricense Maribel Guardia y el cubano C\u00e9sar \u00c9vora, en el papel protag\u00f3nico de \u201cMarcelo\u201d. Sin embargo, Ninel Conde y Cecilia Galliano est\u00e1n por ser confirmadas.<\/p>\n<p>&nbsp;<\/p>\n<p>&nbsp;<\/p>\n","protected":false},"excerpt":{"rendered":"<p>La obra de teatro \u201cLas Arp\u00edas Recargadas\u201d, vista por m\u00e1s <a href=\"https:\/\/sertv.gob.pa\/crisolfm\/estrellas-de-mexico-brillaran-en-teatro-anayansi-con-obra-las-arpias-recargadas\/\"> [&#8230;]<\/a><\/p>\n","protected":false},"author":64,"featured_media":18910,"comment_status":"closed","ping_status":"closed","sticky":false,"template":"","format":"standard","meta":{"footnotes":""},"categories":[6],"tags":[],"class_list":["post-18908","post","type-post","status-publish","format-standard","has-post-thumbnail","hentry","category-culturales"],"_links":{"self":[{"href":"https:\/\/sertv.gob.pa\/crisolfm\/wp-json\/wp\/v2\/posts\/18908","targetHints":{"allow":["GET"]}}],"collection":[{"href":"https:\/\/sertv.gob.pa\/crisolfm\/wp-json\/wp\/v2\/posts"}],"about":[{"href":"https:\/\/sertv.gob.pa\/crisolfm\/wp-json\/wp\/v2\/types\/post"}],"author":[{"embeddable":true,"href":"https:\/\/sertv.gob.pa\/crisolfm\/wp-json\/wp\/v2\/users\/64"}],"replies":[{"embeddable":true,"href":"https:\/\/sertv.gob.pa\/crisolfm\/wp-json\/wp\/v2\/comments?post=18908"}],"version-history":[{"count":1,"href":"https:\/\/sertv.gob.pa\/crisolfm\/wp-json\/wp\/v2\/posts\/18908\/revisions"}],"predecessor-version":[{"id":18911,"href":"https:\/\/sertv.gob.pa\/crisolfm\/wp-json\/wp\/v2\/posts\/18908\/revisions\/18911"}],"wp:featuredmedia":[{"embeddable":true,"href":"https:\/\/sertv.gob.pa\/crisolfm\/wp-json\/wp\/v2\/media\/18910"}],"wp:attachment":[{"href":"https:\/\/sertv.gob.pa\/crisolfm\/wp-json\/wp\/v2\/media?parent=18908"}],"wp:term":[{"taxonomy":"category","embeddable":true,"href":"https:\/\/sertv.gob.pa\/crisolfm\/wp-json\/wp\/v2\/categories?post=18908"},{"taxonomy":"post_tag","embeddable":true,"href":"https:\/\/sertv.gob.pa\/crisolfm\/wp-json\/wp\/v2\/tags?post=18908"}],"curies":[{"name":"wp","href":"https:\/\/api.w.org\/{rel}","templated":true}]}}