{"id":18924,"date":"2019-04-05T15:26:11","date_gmt":"2019-04-05T15:26:11","guid":{"rendered":"https:\/\/sertv.gob.pa\/crisolfm\/?p=18924"},"modified":"2019-04-05T15:26:11","modified_gmt":"2019-04-05T15:26:11","slug":"abren-convocatoria-de-voluntarios-para-el-festi-harpia-2019","status":"publish","type":"post","link":"https:\/\/sertv.gob.pa\/crisolfm\/abren-convocatoria-de-voluntarios-para-el-festi-harpia-2019\/","title":{"rendered":"Abren convocatoria de voluntarios para el Festi-Harp\u00eda 2019"},"content":{"rendered":"<p>El Parque Summit anunci\u00f3 una convocatoria de voluntarios para el Festi-Harp\u00eda, evento que se desarrollar\u00e1 el pr\u00f3ximo domingo 14 de abril y busca promover la conservaci\u00f3n del Ave Nacional de Panam\u00e1, su h\u00e1bitat y otras especies. La organizaci\u00f3n detalla que para servicios de labor social se le contar\u00e1 al voluntario la doble hora realizada.<\/p>\n<p>Los interesados deben ser mayores de 17 a\u00f1os, responsables, tener gusto por la naturaleza y llevar una vestimenta adecuada para el campo. Los horarios establecidos son de 8:00 a.m. a 12:00 p.m. y de 8:00 a.m. a 3:00 p.m. (este \u00faltimo incluye comida).<\/p>\n<p>&nbsp;<\/p>\n","protected":false},"excerpt":{"rendered":"<p>El Parque Summit anunci\u00f3 una convocatoria de voluntarios para el <a href=\"https:\/\/sertv.gob.pa\/crisolfm\/abren-convocatoria-de-voluntarios-para-el-festi-harpia-2019\/\"> [&#8230;]<\/a><\/p>\n","protected":false},"author":64,"featured_media":18926,"comment_status":"closed","ping_status":"closed","sticky":false,"template":"","format":"standard","meta":{"footnotes":""},"categories":[7],"tags":[],"class_list":["post-18924","post","type-post","status-publish","format-standard","has-post-thumbnail","hentry","category-ecologicas"],"_links":{"self":[{"href":"https:\/\/sertv.gob.pa\/crisolfm\/wp-json\/wp\/v2\/posts\/18924","targetHints":{"allow":["GET"]}}],"collection":[{"href":"https:\/\/sertv.gob.pa\/crisolfm\/wp-json\/wp\/v2\/posts"}],"about":[{"href":"https:\/\/sertv.gob.pa\/crisolfm\/wp-json\/wp\/v2\/types\/post"}],"author":[{"embeddable":true,"href":"https:\/\/sertv.gob.pa\/crisolfm\/wp-json\/wp\/v2\/users\/64"}],"replies":[{"embeddable":true,"href":"https:\/\/sertv.gob.pa\/crisolfm\/wp-json\/wp\/v2\/comments?post=18924"}],"version-history":[{"count":1,"href":"https:\/\/sertv.gob.pa\/crisolfm\/wp-json\/wp\/v2\/posts\/18924\/revisions"}],"predecessor-version":[{"id":18927,"href":"https:\/\/sertv.gob.pa\/crisolfm\/wp-json\/wp\/v2\/posts\/18924\/revisions\/18927"}],"wp:featuredmedia":[{"embeddable":true,"href":"https:\/\/sertv.gob.pa\/crisolfm\/wp-json\/wp\/v2\/media\/18926"}],"wp:attachment":[{"href":"https:\/\/sertv.gob.pa\/crisolfm\/wp-json\/wp\/v2\/media?parent=18924"}],"wp:term":[{"taxonomy":"category","embeddable":true,"href":"https:\/\/sertv.gob.pa\/crisolfm\/wp-json\/wp\/v2\/categories?post=18924"},{"taxonomy":"post_tag","embeddable":true,"href":"https:\/\/sertv.gob.pa\/crisolfm\/wp-json\/wp\/v2\/tags?post=18924"}],"curies":[{"name":"wp","href":"https:\/\/api.w.org\/{rel}","templated":true}]}}