{"id":18928,"date":"2019-04-05T15:34:39","date_gmt":"2019-04-05T15:34:39","guid":{"rendered":"https:\/\/sertv.gob.pa\/crisolfm\/?p=18928"},"modified":"2019-04-05T15:34:39","modified_gmt":"2019-04-05T15:34:39","slug":"hay-mas-gas-co2-en-la-atmosfera-que-nunca-en-tres-millones-de-anos","status":"publish","type":"post","link":"https:\/\/sertv.gob.pa\/crisolfm\/hay-mas-gas-co2-en-la-atmosfera-que-nunca-en-tres-millones-de-anos\/","title":{"rendered":"Hay m\u00e1s gas CO2 en la atm\u00f3sfera que nunca en tres millones de a\u00f1os"},"content":{"rendered":"<p><strong>Las cantidades del gas CO2<\/strong> de efecto invernadero en la atm\u00f3sfera son probablemente m\u00e1s altas hoy que nunca en los \u00faltimos tres millones de a\u00f1os. Por primera vez, un equipo de cient\u00edficos logr\u00f3 realizar una simulaci\u00f3n por computadora que se ajusta a los datos de sedimentos del fondo oce\u00e1nico de la evoluci\u00f3n del clima durante este per\u00edodo de tiempo. El estudio revela que el inicio de la edad de hielo, por lo tanto, el inicio de los ciclos glaciales de fr\u00edo a c\u00e1lido y de retorno, se debi\u00f3 principalmente a una disminuci\u00f3n de los niveles de CO2.<\/p>\n<p>Sin embargo, hoy en d\u00eda, es <em>el aumento de gases de efecto invernadero<\/em> debido a la quema de combustibles f\u00f3siles lo que est\u00e1 cambiando fundamentalmente nuestro planeta, confirma el an\u00e1lisis. Las temperaturas medias globales nunca superaron los niveles preindustriales en m\u00e1s de 2 grados cent\u00edgrados en los \u00faltimos tres millones de a\u00f1os, seg\u00fan el estudio, mientras que la inacci\u00f3n actual de la pol\u00edtica clim\u00e1tica, si continuara, superar\u00eda el l\u00edmite de 2 grados ya en los pr\u00f3ximos 50 a\u00f1os.<\/p>\n<p>\u00abSabemos por el an\u00e1lisis de los sedimentos en el fondo de nuestros mares acerca de las temperaturas pasadas de los oc\u00e9anos y los vol\u00famenes de hielo, pero hasta ahora <strong>el papel de los cambios de CO2<\/strong> en la conformaci\u00f3n de los ciclos glaciales no se ha entendido completamente\u00bb, dice en un comunicado Matteo Willeit del Instituto Potsdam para Climate Impact Research, autor principal del estudio ahora publicado en Science Advances.<\/p>\n<p>ECOticias<\/p>\n","protected":false},"excerpt":{"rendered":"<p>Las cantidades del gas CO2 de efecto invernadero en la <a href=\"https:\/\/sertv.gob.pa\/crisolfm\/hay-mas-gas-co2-en-la-atmosfera-que-nunca-en-tres-millones-de-anos\/\"> [&#8230;]<\/a><\/p>\n","protected":false},"author":64,"featured_media":18930,"comment_status":"closed","ping_status":"closed","sticky":false,"template":"","format":"standard","meta":{"footnotes":""},"categories":[7],"tags":[],"class_list":["post-18928","post","type-post","status-publish","format-standard","has-post-thumbnail","hentry","category-ecologicas"],"_links":{"self":[{"href":"https:\/\/sertv.gob.pa\/crisolfm\/wp-json\/wp\/v2\/posts\/18928","targetHints":{"allow":["GET"]}}],"collection":[{"href":"https:\/\/sertv.gob.pa\/crisolfm\/wp-json\/wp\/v2\/posts"}],"about":[{"href":"https:\/\/sertv.gob.pa\/crisolfm\/wp-json\/wp\/v2\/types\/post"}],"author":[{"embeddable":true,"href":"https:\/\/sertv.gob.pa\/crisolfm\/wp-json\/wp\/v2\/users\/64"}],"replies":[{"embeddable":true,"href":"https:\/\/sertv.gob.pa\/crisolfm\/wp-json\/wp\/v2\/comments?post=18928"}],"version-history":[{"count":1,"href":"https:\/\/sertv.gob.pa\/crisolfm\/wp-json\/wp\/v2\/posts\/18928\/revisions"}],"predecessor-version":[{"id":18931,"href":"https:\/\/sertv.gob.pa\/crisolfm\/wp-json\/wp\/v2\/posts\/18928\/revisions\/18931"}],"wp:featuredmedia":[{"embeddable":true,"href":"https:\/\/sertv.gob.pa\/crisolfm\/wp-json\/wp\/v2\/media\/18930"}],"wp:attachment":[{"href":"https:\/\/sertv.gob.pa\/crisolfm\/wp-json\/wp\/v2\/media?parent=18928"}],"wp:term":[{"taxonomy":"category","embeddable":true,"href":"https:\/\/sertv.gob.pa\/crisolfm\/wp-json\/wp\/v2\/categories?post=18928"},{"taxonomy":"post_tag","embeddable":true,"href":"https:\/\/sertv.gob.pa\/crisolfm\/wp-json\/wp\/v2\/tags?post=18928"}],"curies":[{"name":"wp","href":"https:\/\/api.w.org\/{rel}","templated":true}]}}