{"id":18947,"date":"2019-04-08T13:45:19","date_gmt":"2019-04-08T13:45:19","guid":{"rendered":"https:\/\/sertv.gob.pa\/crisolfm\/?p=18947"},"modified":"2019-04-08T13:45:19","modified_gmt":"2019-04-08T13:45:19","slug":"fredi-una-de-las-ballenas-piloto-del-parque-seaworld-de-orlando-muere","status":"publish","type":"post","link":"https:\/\/sertv.gob.pa\/crisolfm\/fredi-una-de-las-ballenas-piloto-del-parque-seaworld-de-orlando-muere\/","title":{"rendered":"Fredi, una de las ballenas piloto del parque SeaWorld de Orlando, muere"},"content":{"rendered":"<p>Una ballena piloto que fue rescatada en los Cayos de la Florida y viv\u00eda en un parque de SeaWorld ha fallecido. El cet\u00e1ceo de nombre Fredi muri\u00f3 el s\u00e1bado, seg\u00fan publicaron funcionarios de SeaWorld Orlando en su blog. Hab\u00eda mostrado indicios de p\u00e9rdida de apetito y estaba sometida a un tratamiento antimicrobiano muy intenso, dijo una portavoz en un correo electr\u00f3nico el domingo.<\/p>\n<p>La ballena fue una de 23 que quedaron varadas cerca del Cayo Cudjoe en Florida, en 2011. Miembros del equipo de SeaWorld pasaron dos meses en los cayos ayudando a rescatarlas junto con otras organizaciones. Se consider\u00f3 inadecuado dejar en libertad a Fredi debido a que era muy joven, por lo que se le traslad\u00f3 a SeaWorld Orlando.<\/p>\n<p>AP<\/p>\n","protected":false},"excerpt":{"rendered":"<p>Una ballena piloto que fue rescatada en los Cayos de <a href=\"https:\/\/sertv.gob.pa\/crisolfm\/fredi-una-de-las-ballenas-piloto-del-parque-seaworld-de-orlando-muere\/\"> [&#8230;]<\/a><\/p>\n","protected":false},"author":64,"featured_media":18949,"comment_status":"closed","ping_status":"closed","sticky":false,"template":"","format":"standard","meta":{"footnotes":""},"categories":[7],"tags":[],"class_list":["post-18947","post","type-post","status-publish","format-standard","has-post-thumbnail","hentry","category-ecologicas"],"_links":{"self":[{"href":"https:\/\/sertv.gob.pa\/crisolfm\/wp-json\/wp\/v2\/posts\/18947","targetHints":{"allow":["GET"]}}],"collection":[{"href":"https:\/\/sertv.gob.pa\/crisolfm\/wp-json\/wp\/v2\/posts"}],"about":[{"href":"https:\/\/sertv.gob.pa\/crisolfm\/wp-json\/wp\/v2\/types\/post"}],"author":[{"embeddable":true,"href":"https:\/\/sertv.gob.pa\/crisolfm\/wp-json\/wp\/v2\/users\/64"}],"replies":[{"embeddable":true,"href":"https:\/\/sertv.gob.pa\/crisolfm\/wp-json\/wp\/v2\/comments?post=18947"}],"version-history":[{"count":1,"href":"https:\/\/sertv.gob.pa\/crisolfm\/wp-json\/wp\/v2\/posts\/18947\/revisions"}],"predecessor-version":[{"id":18950,"href":"https:\/\/sertv.gob.pa\/crisolfm\/wp-json\/wp\/v2\/posts\/18947\/revisions\/18950"}],"wp:featuredmedia":[{"embeddable":true,"href":"https:\/\/sertv.gob.pa\/crisolfm\/wp-json\/wp\/v2\/media\/18949"}],"wp:attachment":[{"href":"https:\/\/sertv.gob.pa\/crisolfm\/wp-json\/wp\/v2\/media?parent=18947"}],"wp:term":[{"taxonomy":"category","embeddable":true,"href":"https:\/\/sertv.gob.pa\/crisolfm\/wp-json\/wp\/v2\/categories?post=18947"},{"taxonomy":"post_tag","embeddable":true,"href":"https:\/\/sertv.gob.pa\/crisolfm\/wp-json\/wp\/v2\/tags?post=18947"}],"curies":[{"name":"wp","href":"https:\/\/api.w.org\/{rel}","templated":true}]}}