{"id":18961,"date":"2019-04-08T14:42:43","date_gmt":"2019-04-08T14:42:43","guid":{"rendered":"https:\/\/sertv.gob.pa\/crisolfm\/?p=18961"},"modified":"2019-04-08T14:42:43","modified_gmt":"2019-04-08T14:42:43","slug":"la-ritirata-celebra-los-500-anos-de-la-fundacion-de-panama-viejo","status":"publish","type":"post","link":"https:\/\/sertv.gob.pa\/crisolfm\/la-ritirata-celebra-los-500-anos-de-la-fundacion-de-panama-viejo\/","title":{"rendered":"La Ritirata celebra los 500 a\u00f1os de la fundaci\u00f3n de Panam\u00e1 Viejo"},"content":{"rendered":"<p>Con motivo de la celebraci\u00f3n de los 500 a\u00f1os de la fundaci\u00f3n de la ciudad de Panam\u00e1 (15 de agosto de 1519), la Embajada de Espa\u00f1a y el Patronato de Panam\u00e1 Viejo organizaron \u2014para este 15 de abril\u2014 un concierto con la agrupaci\u00f3n espa\u00f1ola de m\u00fasica antigua La Ritirata, siendo esta la primera vez que se presentar\u00e1n en el pa\u00eds.<\/p>\n<p>\u2018Estamos particularmente emocionados con la visita a Panam\u00e1, ya que es la primera vez que actuaremos en este pa\u00eds&#8217;, confiesa en una entrevista v\u00eda correo electr\u00f3nico Josetxu Obreg\u00f3n, creador y director de La Ritirata, formaci\u00f3n que toma su nombre de la pieza \u2018La Musica Notturna delle strade di Madrid&#8217; (La m\u00fasica nocturna de las calles de Madrid), en honor al violonchelista y compositor italiano del siglo XVIII Luigi Boccherini, uno de los m\u00e1s importantes de la historia. \u2018Venimos a Panam\u00e1 con un elenco de lujo. Nos acompa\u00f1ar\u00e1 la soprano espa\u00f1ola Mar\u00eda Eugenia Boix y los m\u00fasicos que han formado parte del grupo durante estos a\u00f1os. Tamar Lalo, en la flauta y quien es, adem\u00e1s, miembro fundador del ensemble; y Daniel Oyarzabal, en el \u00f3rgano, junto a mi persona con el violoncello&#8217;, inform\u00f3 Obreg\u00f3n.<\/p>\n<p>El pasado mes de marzo, La Ritirata fue galardonada con el Premio de Cultura de la Comunidad de Madrid en la categor\u00eda de m\u00fasica cl\u00e1sica, que premia la labor de investigaci\u00f3n y difusi\u00f3n de m\u00fasica antigua la que ha llevado a La Ritirata a ofrecer m\u00e1s de 230 conciertos en 22 pa\u00edses de cuatro continentes.<\/p>\n<p>&nbsp;<\/p>\n","protected":false},"excerpt":{"rendered":"<p>Con motivo de la celebraci\u00f3n de los 500 a\u00f1os de <a href=\"https:\/\/sertv.gob.pa\/crisolfm\/la-ritirata-celebra-los-500-anos-de-la-fundacion-de-panama-viejo\/\"> [&#8230;]<\/a><\/p>\n","protected":false},"author":64,"featured_media":18963,"comment_status":"closed","ping_status":"closed","sticky":false,"template":"","format":"standard","meta":{"footnotes":""},"categories":[6],"tags":[],"class_list":["post-18961","post","type-post","status-publish","format-standard","has-post-thumbnail","hentry","category-culturales"],"_links":{"self":[{"href":"https:\/\/sertv.gob.pa\/crisolfm\/wp-json\/wp\/v2\/posts\/18961","targetHints":{"allow":["GET"]}}],"collection":[{"href":"https:\/\/sertv.gob.pa\/crisolfm\/wp-json\/wp\/v2\/posts"}],"about":[{"href":"https:\/\/sertv.gob.pa\/crisolfm\/wp-json\/wp\/v2\/types\/post"}],"author":[{"embeddable":true,"href":"https:\/\/sertv.gob.pa\/crisolfm\/wp-json\/wp\/v2\/users\/64"}],"replies":[{"embeddable":true,"href":"https:\/\/sertv.gob.pa\/crisolfm\/wp-json\/wp\/v2\/comments?post=18961"}],"version-history":[{"count":1,"href":"https:\/\/sertv.gob.pa\/crisolfm\/wp-json\/wp\/v2\/posts\/18961\/revisions"}],"predecessor-version":[{"id":18964,"href":"https:\/\/sertv.gob.pa\/crisolfm\/wp-json\/wp\/v2\/posts\/18961\/revisions\/18964"}],"wp:featuredmedia":[{"embeddable":true,"href":"https:\/\/sertv.gob.pa\/crisolfm\/wp-json\/wp\/v2\/media\/18963"}],"wp:attachment":[{"href":"https:\/\/sertv.gob.pa\/crisolfm\/wp-json\/wp\/v2\/media?parent=18961"}],"wp:term":[{"taxonomy":"category","embeddable":true,"href":"https:\/\/sertv.gob.pa\/crisolfm\/wp-json\/wp\/v2\/categories?post=18961"},{"taxonomy":"post_tag","embeddable":true,"href":"https:\/\/sertv.gob.pa\/crisolfm\/wp-json\/wp\/v2\/tags?post=18961"}],"curies":[{"name":"wp","href":"https:\/\/api.w.org\/{rel}","templated":true}]}}