{"id":18965,"date":"2019-04-08T14:48:17","date_gmt":"2019-04-08T14:48:17","guid":{"rendered":"https:\/\/sertv.gob.pa\/crisolfm\/?p=18965"},"modified":"2019-04-08T14:48:17","modified_gmt":"2019-04-08T14:48:17","slug":"ritter-presento-su-obra-mas-oscura-de-que-mundo-vienes","status":"publish","type":"post","link":"https:\/\/sertv.gob.pa\/crisolfm\/ritter-presento-su-obra-mas-oscura-de-que-mundo-vienes\/","title":{"rendered":"Ritter present\u00f3 su obra m\u00e1s oscura \u201c\u00bfDe qu\u00e9 mundo vienes?"},"content":{"rendered":"<p>El escritor paname\u00f1o Luis Pulido Ritter present\u00f3 en la Academia Paname\u00f1a de la Lengua su m\u00e1s reciente producci\u00f3n literaria, la cual titul\u00f3 \u00bfDe qu\u00e9 mundo vienes?, sorprendiendo a sus seguidores fieles con una novela negra, que promete a sus lectores un viaje emocional. \u201cEs una historia que trata sobre una \u00e9poca de Panam\u00e1 bastante tr\u00e1gica y que produjo incluso terror, donde unos personajes saltan sobre cad\u00e1veres y otros solo piensan en ganar dinero de la manera m\u00e1s atroz posible, mientras que sus cr\u00edmenes pasan impunes\u201d, manifest\u00f3 Ritter.<\/p>\n<p>El autor explic\u00f3 que lo que lo motiv\u00f3 escribir la novela que recrea la d\u00e9cada de los 80 fue la existencia de una necesidad de contar una \u00e9poca tan tr\u00e1gica para el pa\u00eds, como lo fueron los a\u00f1os luego de la invasi\u00f3n de las tropas de Estados Unidos a Panam\u00e1. Adem\u00e1s, retrata la decadencia, la ruptura de la familia y valores.<\/p>\n<p>&nbsp;<\/p>\n<p>&nbsp;<\/p>\n<p>&nbsp;<\/p>\n<p>&nbsp;<\/p>\n","protected":false},"excerpt":{"rendered":"<p>El escritor paname\u00f1o Luis Pulido Ritter present\u00f3 en la Academia <a href=\"https:\/\/sertv.gob.pa\/crisolfm\/ritter-presento-su-obra-mas-oscura-de-que-mundo-vienes\/\"> [&#8230;]<\/a><\/p>\n","protected":false},"author":64,"featured_media":18969,"comment_status":"closed","ping_status":"closed","sticky":false,"template":"","format":"standard","meta":{"footnotes":""},"categories":[6],"tags":[],"class_list":["post-18965","post","type-post","status-publish","format-standard","has-post-thumbnail","hentry","category-culturales"],"_links":{"self":[{"href":"https:\/\/sertv.gob.pa\/crisolfm\/wp-json\/wp\/v2\/posts\/18965","targetHints":{"allow":["GET"]}}],"collection":[{"href":"https:\/\/sertv.gob.pa\/crisolfm\/wp-json\/wp\/v2\/posts"}],"about":[{"href":"https:\/\/sertv.gob.pa\/crisolfm\/wp-json\/wp\/v2\/types\/post"}],"author":[{"embeddable":true,"href":"https:\/\/sertv.gob.pa\/crisolfm\/wp-json\/wp\/v2\/users\/64"}],"replies":[{"embeddable":true,"href":"https:\/\/sertv.gob.pa\/crisolfm\/wp-json\/wp\/v2\/comments?post=18965"}],"version-history":[{"count":1,"href":"https:\/\/sertv.gob.pa\/crisolfm\/wp-json\/wp\/v2\/posts\/18965\/revisions"}],"predecessor-version":[{"id":18970,"href":"https:\/\/sertv.gob.pa\/crisolfm\/wp-json\/wp\/v2\/posts\/18965\/revisions\/18970"}],"wp:featuredmedia":[{"embeddable":true,"href":"https:\/\/sertv.gob.pa\/crisolfm\/wp-json\/wp\/v2\/media\/18969"}],"wp:attachment":[{"href":"https:\/\/sertv.gob.pa\/crisolfm\/wp-json\/wp\/v2\/media?parent=18965"}],"wp:term":[{"taxonomy":"category","embeddable":true,"href":"https:\/\/sertv.gob.pa\/crisolfm\/wp-json\/wp\/v2\/categories?post=18965"},{"taxonomy":"post_tag","embeddable":true,"href":"https:\/\/sertv.gob.pa\/crisolfm\/wp-json\/wp\/v2\/tags?post=18965"}],"curies":[{"name":"wp","href":"https:\/\/api.w.org\/{rel}","templated":true}]}}