{"id":18976,"date":"2019-04-08T15:18:07","date_gmt":"2019-04-08T15:18:07","guid":{"rendered":"https:\/\/sertv.gob.pa\/crisolfm\/?p=18976"},"modified":"2019-04-08T15:18:07","modified_gmt":"2019-04-08T15:18:07","slug":"iff-celebra-hoy-una-jornada-mas","status":"publish","type":"post","link":"https:\/\/sertv.gob.pa\/crisolfm\/iff-celebra-hoy-una-jornada-mas\/","title":{"rendered":"IFF celebra hoy una jornada m\u00e1s"},"content":{"rendered":"<p>El Festival Internacional de Cine de Panam\u00e1 celebra una jornada m\u00e1s hoy con una serie de filmes que pueden ver en su p\u00e1gina web, www.iffpanama.org\/, entre los que destacan \u201cBelmonte\u201d. La cinta, dirigida por el uruguayo Federico Veiroj, es considerada como un experimento cinematogr\u00e1fico, ya que examina la personalidad singular de un personaje que atraviesa por encrucijadas afectivas en la ciudad de Montevideo. Sigue a Javier Belmonte (Gonzalo Delgado), un artista que se acerca a la edad madura y se divide entre las demandas de su arte y las de las personas que le rodean.<\/p>\n<p>El Museo de Artes Visuales de Montevideo le va a dedicar una muestra de pintura, pero Belmonte est\u00e1 m\u00e1s ocupado pensando en los cambios que vive su familia: su ex mujer est\u00e1 embarazada, fruto de la relaci\u00f3n que mantiene con otro hombre, y percibe que su hija, Celeste, pasar\u00e1 menos tiempo con \u00e9l cuando nazca este nuevo hermanito. Belmonte necesita la br\u00fajula que le supone estar con su hija, preparar su almuerzo, acompa\u00f1arla a la escuela y, sobre todo, comenzar a compartir con ella su mundo interior sin esconder las preocupaciones del momento.<\/p>\n<p>La cinta, que ha estado en los festivales de cine de Toronto (Canad\u00e1) y San Sebasti\u00e1n (Espa\u00f1a), se exhibir\u00e1 en el Sal\u00f3n Ricardo J. Alfaro, del Ministerio de Relaciones Exteriores, Casco Antiguo, Palacio Bol\u00edvar, Ave. B., desde las 6:00 de la tarde.<\/p>\n<p>&nbsp;<\/p>\n<p>&nbsp;<\/p>\n","protected":false},"excerpt":{"rendered":"<p>El Festival Internacional de Cine de Panam\u00e1 celebra una jornada <a href=\"https:\/\/sertv.gob.pa\/crisolfm\/iff-celebra-hoy-una-jornada-mas\/\"> [&#8230;]<\/a><\/p>\n","protected":false},"author":64,"featured_media":18978,"comment_status":"closed","ping_status":"closed","sticky":false,"template":"","format":"standard","meta":{"footnotes":""},"categories":[6],"tags":[],"class_list":["post-18976","post","type-post","status-publish","format-standard","has-post-thumbnail","hentry","category-culturales"],"_links":{"self":[{"href":"https:\/\/sertv.gob.pa\/crisolfm\/wp-json\/wp\/v2\/posts\/18976","targetHints":{"allow":["GET"]}}],"collection":[{"href":"https:\/\/sertv.gob.pa\/crisolfm\/wp-json\/wp\/v2\/posts"}],"about":[{"href":"https:\/\/sertv.gob.pa\/crisolfm\/wp-json\/wp\/v2\/types\/post"}],"author":[{"embeddable":true,"href":"https:\/\/sertv.gob.pa\/crisolfm\/wp-json\/wp\/v2\/users\/64"}],"replies":[{"embeddable":true,"href":"https:\/\/sertv.gob.pa\/crisolfm\/wp-json\/wp\/v2\/comments?post=18976"}],"version-history":[{"count":1,"href":"https:\/\/sertv.gob.pa\/crisolfm\/wp-json\/wp\/v2\/posts\/18976\/revisions"}],"predecessor-version":[{"id":18979,"href":"https:\/\/sertv.gob.pa\/crisolfm\/wp-json\/wp\/v2\/posts\/18976\/revisions\/18979"}],"wp:featuredmedia":[{"embeddable":true,"href":"https:\/\/sertv.gob.pa\/crisolfm\/wp-json\/wp\/v2\/media\/18978"}],"wp:attachment":[{"href":"https:\/\/sertv.gob.pa\/crisolfm\/wp-json\/wp\/v2\/media?parent=18976"}],"wp:term":[{"taxonomy":"category","embeddable":true,"href":"https:\/\/sertv.gob.pa\/crisolfm\/wp-json\/wp\/v2\/categories?post=18976"},{"taxonomy":"post_tag","embeddable":true,"href":"https:\/\/sertv.gob.pa\/crisolfm\/wp-json\/wp\/v2\/tags?post=18976"}],"curies":[{"name":"wp","href":"https:\/\/api.w.org\/{rel}","templated":true}]}}