{"id":1900,"date":"2015-03-17T18:36:50","date_gmt":"2015-03-17T18:36:50","guid":{"rendered":""},"modified":"2015-03-17T18:36:50","modified_gmt":"2015-03-17T18:36:50","slug":"panameno-abner-benaim-gana-categoria-mejor-director-en-festival-de-cine","status":"publish","type":"post","link":"https:\/\/sertv.gob.pa\/crisolfm\/panameno-abner-benaim-gana-categoria-mejor-director-en-festival-de-cine\/","title":{"rendered":"Paname\u00f1o, Abner Benaim, gana categor\u00eda mejor director en Festival de Cine"},"content":{"rendered":"<p>\nLa trig\u00e9sima segunda edici\u00f3n del Festival Internacional de Cine de Miami (Estados Unidos) ser\u00e1 inolvidable para el paname\u00f1o Abner Benaim, ya que en ese certamen f\u00edlmico gan\u00f3 esta semana la categor\u00eda de mejor director por el documental nacional Invasi\u00f3n. <\/p>\n<p>El realizador, productor y guionista obtuvo un premio de 5.000 d\u00f3lares al ser galardonado por el jurado de  Miami  por su labor en una pel\u00edcula en torno a c\u00f3mo se recuerda en Panam\u00e1 la invasi\u00f3n militar del ej\u00e9rcito de  Estados Unidos , ocurrida en diciembre de 1989, y cuyo fin era capturar al dictador  Manuel Antonio Noriega.  <\/p>\n<p>La intervenci\u00f3n militar, orquestada por el gobierno del presidente estadounidense  George H.W. Bush , tuvo varios epicentros de ataque a suelo patrio, aunque su punto neurol\u00f3gico fue el corregimiento de  El Chorrillo.  <\/p>\n<p> Invasi\u00f3n  se present\u00f3 este mes de marzo en tres actividades vinculadas con el audiovisual en Estados Unidos: el Festival True\/False\u00a0en Missouri, el Festival Internacional de Cine de Miami y en el SXSW Music Film Interactive, en Austin (Texas) <\/p>\n<p>\u00a0 <\/p>\n","protected":false},"excerpt":{"rendered":"<p>La trig\u00e9sima segunda edici\u00f3n del Festival Internacional de Cine de <a href=\"https:\/\/sertv.gob.pa\/crisolfm\/panameno-abner-benaim-gana-categoria-mejor-director-en-festival-de-cine\/\"> [&#8230;]<\/a><\/p>\n","protected":false},"author":1,"featured_media":1901,"comment_status":"closed","ping_status":"closed","sticky":false,"template":"","format":"standard","meta":{"footnotes":""},"categories":[6],"tags":[],"class_list":["post-1900","post","type-post","status-publish","format-standard","has-post-thumbnail","hentry","category-culturales"],"_links":{"self":[{"href":"https:\/\/sertv.gob.pa\/crisolfm\/wp-json\/wp\/v2\/posts\/1900","targetHints":{"allow":["GET"]}}],"collection":[{"href":"https:\/\/sertv.gob.pa\/crisolfm\/wp-json\/wp\/v2\/posts"}],"about":[{"href":"https:\/\/sertv.gob.pa\/crisolfm\/wp-json\/wp\/v2\/types\/post"}],"author":[{"embeddable":true,"href":"https:\/\/sertv.gob.pa\/crisolfm\/wp-json\/wp\/v2\/users\/1"}],"replies":[{"embeddable":true,"href":"https:\/\/sertv.gob.pa\/crisolfm\/wp-json\/wp\/v2\/comments?post=1900"}],"version-history":[{"count":0,"href":"https:\/\/sertv.gob.pa\/crisolfm\/wp-json\/wp\/v2\/posts\/1900\/revisions"}],"wp:featuredmedia":[{"embeddable":true,"href":"https:\/\/sertv.gob.pa\/crisolfm\/wp-json\/wp\/v2\/media\/1901"}],"wp:attachment":[{"href":"https:\/\/sertv.gob.pa\/crisolfm\/wp-json\/wp\/v2\/media?parent=1900"}],"wp:term":[{"taxonomy":"category","embeddable":true,"href":"https:\/\/sertv.gob.pa\/crisolfm\/wp-json\/wp\/v2\/categories?post=1900"},{"taxonomy":"post_tag","embeddable":true,"href":"https:\/\/sertv.gob.pa\/crisolfm\/wp-json\/wp\/v2\/tags?post=1900"}],"curies":[{"name":"wp","href":"https:\/\/api.w.org\/{rel}","templated":true}]}}