{"id":19006,"date":"2019-04-09T13:41:54","date_gmt":"2019-04-09T13:41:54","guid":{"rendered":"https:\/\/sertv.gob.pa\/crisolfm\/?p=19006"},"modified":"2019-04-09T13:41:54","modified_gmt":"2019-04-09T13:41:54","slug":"quejas-por-tala-indiscriminada-en-darien","status":"publish","type":"post","link":"https:\/\/sertv.gob.pa\/crisolfm\/quejas-por-tala-indiscriminada-en-darien\/","title":{"rendered":"Quejas por tala indiscriminada en Dari\u00e9n"},"content":{"rendered":"<p>La deforestaci\u00f3n ilegal en la provincia de Dari\u00e9n es un problema grave y \u201cello es ocasionado por los permisos otorgados por el MiAmbiente\u201d, seg\u00fan manifiestan l\u00edderes de las comunidades ind\u00edgenas que viven fuera y dentro del Parque Nacional Dari\u00e9n (5,790 km2), el m\u00e1s extenso de todos los parques nacionales de Panam\u00e1. Elibardo Membache, Cacique General de las Tierras Colectivas de Dari\u00e9n, coment\u00f3 que \u201cnosotros como comunidades nos hemos opuesto a la deforestaci\u00f3n porque hemos visto que la frontera agr\u00edcola avanza causando grandes da\u00f1os al medio ambiente\u201d.<\/p>\n<p>Para el ministro de Ambiente, Emilio Sempris, \u201clos permisos o contratos vigentes fueron firmados entre 2007 y 2011, por las dos administraciones pasadas, lo \u00fanico que ha hecho este gobierno es honrar esos contratos y lo hemos arreglado\u201d. En la ley forestal se establece que solo de tres a seis \u00e1rboles se pueden aprovechar por hect\u00e1reas cada 25 a\u00f1os.<\/p>\n<p>&nbsp;<\/p>\n<p>&nbsp;<\/p>\n","protected":false},"excerpt":{"rendered":"<p>La deforestaci\u00f3n ilegal en la provincia de Dari\u00e9n es un <a href=\"https:\/\/sertv.gob.pa\/crisolfm\/quejas-por-tala-indiscriminada-en-darien\/\"> [&#8230;]<\/a><\/p>\n","protected":false},"author":64,"featured_media":19008,"comment_status":"closed","ping_status":"closed","sticky":false,"template":"","format":"standard","meta":{"footnotes":""},"categories":[7],"tags":[],"class_list":["post-19006","post","type-post","status-publish","format-standard","has-post-thumbnail","hentry","category-ecologicas"],"_links":{"self":[{"href":"https:\/\/sertv.gob.pa\/crisolfm\/wp-json\/wp\/v2\/posts\/19006","targetHints":{"allow":["GET"]}}],"collection":[{"href":"https:\/\/sertv.gob.pa\/crisolfm\/wp-json\/wp\/v2\/posts"}],"about":[{"href":"https:\/\/sertv.gob.pa\/crisolfm\/wp-json\/wp\/v2\/types\/post"}],"author":[{"embeddable":true,"href":"https:\/\/sertv.gob.pa\/crisolfm\/wp-json\/wp\/v2\/users\/64"}],"replies":[{"embeddable":true,"href":"https:\/\/sertv.gob.pa\/crisolfm\/wp-json\/wp\/v2\/comments?post=19006"}],"version-history":[{"count":1,"href":"https:\/\/sertv.gob.pa\/crisolfm\/wp-json\/wp\/v2\/posts\/19006\/revisions"}],"predecessor-version":[{"id":19009,"href":"https:\/\/sertv.gob.pa\/crisolfm\/wp-json\/wp\/v2\/posts\/19006\/revisions\/19009"}],"wp:featuredmedia":[{"embeddable":true,"href":"https:\/\/sertv.gob.pa\/crisolfm\/wp-json\/wp\/v2\/media\/19008"}],"wp:attachment":[{"href":"https:\/\/sertv.gob.pa\/crisolfm\/wp-json\/wp\/v2\/media?parent=19006"}],"wp:term":[{"taxonomy":"category","embeddable":true,"href":"https:\/\/sertv.gob.pa\/crisolfm\/wp-json\/wp\/v2\/categories?post=19006"},{"taxonomy":"post_tag","embeddable":true,"href":"https:\/\/sertv.gob.pa\/crisolfm\/wp-json\/wp\/v2\/tags?post=19006"}],"curies":[{"name":"wp","href":"https:\/\/api.w.org\/{rel}","templated":true}]}}