{"id":19010,"date":"2019-04-09T13:54:10","date_gmt":"2019-04-09T13:54:10","guid":{"rendered":"https:\/\/sertv.gob.pa\/crisolfm\/?p=19010"},"modified":"2019-04-09T13:54:10","modified_gmt":"2019-04-09T13:54:10","slug":"en-herrera-se-seca-la-cienega-de-las-macanas","status":"publish","type":"post","link":"https:\/\/sertv.gob.pa\/crisolfm\/en-herrera-se-seca-la-cienega-de-las-macanas\/","title":{"rendered":"En Herrera se seca la Ci\u00e9nega de las Macanas"},"content":{"rendered":"<p>La sequ\u00eda que azota al arco seco alcanz\u00f3 a la Ci\u00e9nega de las Macanas, de El Rinc\u00f3n de Santa Mar\u00eda en la provincia de Herrera, cuyos espejos de agua han quedado reducidos a extensas hect\u00e1reas de tierra cuarteada bajo un inclemente sol. \u00abLastimosamente se ve una tierra ya cuarteada y hay muy poca agua\u00bb, se\u00f1al\u00f3 Alcib\u00edades Bustavino director regional del Ministerio de Ambiente al concluir una inspecci\u00f3n en esta zona de usos m\u00faltiples. El sitio abarca 2 mil hect\u00e1reas, y de \u00e9stas mil 200 son espejos de agua.<\/p>\n<p>Bustavino asegur\u00f3 que el \u00e1rea h\u00fameda se sec\u00f3. \u00abHay mucho calor en la zona y desde el 6 de diciembre no llueve en Las Macanas\u00bb, insisti\u00f3. El funcionario sostuvo que las crecientes de los r\u00edos Santa Mar\u00eda y Escot\u00e1, que alimentaban de agua a la Ci\u00e9nega, tampoco fueron buenas en los \u00faltimos a\u00f1os. Bustavino reconoci\u00f3 que las sardinas y los peces, que mucha gente consum\u00eda, han desaparecido.<\/p>\n<p>&nbsp;<\/p>\n<p>&nbsp;<\/p>\n","protected":false},"excerpt":{"rendered":"<p>La sequ\u00eda que azota al arco seco alcanz\u00f3 a la <a href=\"https:\/\/sertv.gob.pa\/crisolfm\/en-herrera-se-seca-la-cienega-de-las-macanas\/\"> [&#8230;]<\/a><\/p>\n","protected":false},"author":64,"featured_media":19012,"comment_status":"closed","ping_status":"closed","sticky":false,"template":"","format":"standard","meta":{"footnotes":""},"categories":[7],"tags":[],"class_list":["post-19010","post","type-post","status-publish","format-standard","has-post-thumbnail","hentry","category-ecologicas"],"_links":{"self":[{"href":"https:\/\/sertv.gob.pa\/crisolfm\/wp-json\/wp\/v2\/posts\/19010","targetHints":{"allow":["GET"]}}],"collection":[{"href":"https:\/\/sertv.gob.pa\/crisolfm\/wp-json\/wp\/v2\/posts"}],"about":[{"href":"https:\/\/sertv.gob.pa\/crisolfm\/wp-json\/wp\/v2\/types\/post"}],"author":[{"embeddable":true,"href":"https:\/\/sertv.gob.pa\/crisolfm\/wp-json\/wp\/v2\/users\/64"}],"replies":[{"embeddable":true,"href":"https:\/\/sertv.gob.pa\/crisolfm\/wp-json\/wp\/v2\/comments?post=19010"}],"version-history":[{"count":1,"href":"https:\/\/sertv.gob.pa\/crisolfm\/wp-json\/wp\/v2\/posts\/19010\/revisions"}],"predecessor-version":[{"id":19013,"href":"https:\/\/sertv.gob.pa\/crisolfm\/wp-json\/wp\/v2\/posts\/19010\/revisions\/19013"}],"wp:featuredmedia":[{"embeddable":true,"href":"https:\/\/sertv.gob.pa\/crisolfm\/wp-json\/wp\/v2\/media\/19012"}],"wp:attachment":[{"href":"https:\/\/sertv.gob.pa\/crisolfm\/wp-json\/wp\/v2\/media?parent=19010"}],"wp:term":[{"taxonomy":"category","embeddable":true,"href":"https:\/\/sertv.gob.pa\/crisolfm\/wp-json\/wp\/v2\/categories?post=19010"},{"taxonomy":"post_tag","embeddable":true,"href":"https:\/\/sertv.gob.pa\/crisolfm\/wp-json\/wp\/v2\/tags?post=19010"}],"curies":[{"name":"wp","href":"https:\/\/api.w.org\/{rel}","templated":true}]}}