{"id":19014,"date":"2019-04-09T14:05:25","date_gmt":"2019-04-09T14:05:25","guid":{"rendered":"https:\/\/sertv.gob.pa\/crisolfm\/?p=19014"},"modified":"2019-04-09T14:05:25","modified_gmt":"2019-04-09T14:05:25","slug":"sinaproc-emite-aviso-de-prevencion-por-aumento-de-oleajes-y-fuertes-vientos","status":"publish","type":"post","link":"https:\/\/sertv.gob.pa\/crisolfm\/sinaproc-emite-aviso-de-prevencion-por-aumento-de-oleajes-y-fuertes-vientos\/","title":{"rendered":"Sinaproc emite aviso de prevenci\u00f3n por aumento de oleajes y fuertes vientos"},"content":{"rendered":"<p>El centro de operaciones de emergencias del Sistema Nacional de Protecci\u00f3n Civil (Sinaproc) emiti\u00f3 un aviso de prevenci\u00f3n del 8 al 10 de abril, por incremento de oleajes y fuertes vientos. De acuerdo con el informe, se observan condiciones meteorol\u00f3gicas significativas a partir del d\u00eda 9 de abril, y mayores probabilidades de lluvias y aguaceros con actividad el\u00e9ctrica el 10 de abril desde tempranas horas de la madrugada en las \u00e1reas mar\u00edtimas del pac\u00edfico occidental.<\/p>\n<p>\u00abLas lluvias pueden ser persistentes, con intensidades variables, desde la noche del 9 de abril en algunos sectores\u00bb, se\u00f1ala un comunicado de la instituci\u00f3n. Las olas pueden alcanzar entre 4 y 5 pies con una intensidad de cero a hasta 10 nudos. Jos\u00e9 Donderis, director general del Sinaproc, inform\u00f3 que se mantendr\u00e1n los monitoreos, y recomend\u00f3 precauci\u00f3n a las comunidades costeras, embarcaciones livianas y ba\u00f1istas, as\u00ed como estar atentos a los informes oficiales.<\/p>\n<p>&nbsp;<\/p>\n<p>&nbsp;<\/p>\n<p>&nbsp;<\/p>\n","protected":false},"excerpt":{"rendered":"<p>El centro de operaciones de emergencias del Sistema Nacional de <a href=\"https:\/\/sertv.gob.pa\/crisolfm\/sinaproc-emite-aviso-de-prevencion-por-aumento-de-oleajes-y-fuertes-vientos\/\"> [&#8230;]<\/a><\/p>\n","protected":false},"author":64,"featured_media":19016,"comment_status":"closed","ping_status":"closed","sticky":false,"template":"","format":"standard","meta":{"footnotes":""},"categories":[7],"tags":[],"class_list":["post-19014","post","type-post","status-publish","format-standard","has-post-thumbnail","hentry","category-ecologicas"],"_links":{"self":[{"href":"https:\/\/sertv.gob.pa\/crisolfm\/wp-json\/wp\/v2\/posts\/19014","targetHints":{"allow":["GET"]}}],"collection":[{"href":"https:\/\/sertv.gob.pa\/crisolfm\/wp-json\/wp\/v2\/posts"}],"about":[{"href":"https:\/\/sertv.gob.pa\/crisolfm\/wp-json\/wp\/v2\/types\/post"}],"author":[{"embeddable":true,"href":"https:\/\/sertv.gob.pa\/crisolfm\/wp-json\/wp\/v2\/users\/64"}],"replies":[{"embeddable":true,"href":"https:\/\/sertv.gob.pa\/crisolfm\/wp-json\/wp\/v2\/comments?post=19014"}],"version-history":[{"count":1,"href":"https:\/\/sertv.gob.pa\/crisolfm\/wp-json\/wp\/v2\/posts\/19014\/revisions"}],"predecessor-version":[{"id":19017,"href":"https:\/\/sertv.gob.pa\/crisolfm\/wp-json\/wp\/v2\/posts\/19014\/revisions\/19017"}],"wp:featuredmedia":[{"embeddable":true,"href":"https:\/\/sertv.gob.pa\/crisolfm\/wp-json\/wp\/v2\/media\/19016"}],"wp:attachment":[{"href":"https:\/\/sertv.gob.pa\/crisolfm\/wp-json\/wp\/v2\/media?parent=19014"}],"wp:term":[{"taxonomy":"category","embeddable":true,"href":"https:\/\/sertv.gob.pa\/crisolfm\/wp-json\/wp\/v2\/categories?post=19014"},{"taxonomy":"post_tag","embeddable":true,"href":"https:\/\/sertv.gob.pa\/crisolfm\/wp-json\/wp\/v2\/tags?post=19014"}],"curies":[{"name":"wp","href":"https:\/\/api.w.org\/{rel}","templated":true}]}}