{"id":19018,"date":"2019-04-09T14:31:53","date_gmt":"2019-04-09T14:31:53","guid":{"rendered":"https:\/\/sertv.gob.pa\/crisolfm\/?p=19018"},"modified":"2019-04-09T14:31:53","modified_gmt":"2019-04-09T14:31:53","slug":"documental-retrata-la-vida-clandestina-del-che-guevara-en-africa-y-europa","status":"publish","type":"post","link":"https:\/\/sertv.gob.pa\/crisolfm\/documental-retrata-la-vida-clandestina-del-che-guevara-en-africa-y-europa\/","title":{"rendered":"Documental retrata la vida clandestina del Che Guevara en \u00c1frica y Europa"},"content":{"rendered":"<p>El guerrillero argentino y h\u00e9roe de la revoluci\u00f3n cubana, Ernesto Guevara, vivi\u00f3 escondido en \u00c1frica y Europa mientras sus seguidores cre\u00edan que se encontraba luchando, seg\u00fan un documental presentado en el Festival Internacional de Cine de Panam\u00e1. \u00abEl Che estuvo unos ocho meses en el Congo, luego tres meses escondido en la embajada de Cuba en Tanzania y luego cinco meses en Praga\u00bb, dijo este lunes a la AFP la cubano-brasile\u00f1a Margarita Hern\u00e1ndez, directora de la cinta Che, memorias de un a\u00f1o secreto (2018).<\/p>\n<p>La pel\u00edcula de 79 minutos muestra la ruta que sigui\u00f3 el guerrillero desde su desaparici\u00f3n p\u00fablica en 1965, cuando era ministro de Industria. Oficialmente La Habana hizo creer que se encontraba en alguna guerra contra el imperialismo. Sin embargo, Guevara pas\u00f3 un a\u00f1o escondido en Dar es Salam (Tanzania) y en Praga (Rep\u00fablica Checa, antigua Checoslovaquia). \u00ab\u00c9l no estaba en ninguna guerrilla, \u00e9l estaba escondido\u00bb, indic\u00f3 Hern\u00e1ndez. Seg\u00fan la narraci\u00f3n, fue enviado en 1965 de manera secreta al Congo tras criticar duramente a la Uni\u00f3n Sovi\u00e9tica, aliado de Cuba, durante un discurso pronunciado en Argelia.<\/p>\n<p>AFP<\/p>\n","protected":false},"excerpt":{"rendered":"<p>El guerrillero argentino y h\u00e9roe de la revoluci\u00f3n cubana, Ernesto <a href=\"https:\/\/sertv.gob.pa\/crisolfm\/documental-retrata-la-vida-clandestina-del-che-guevara-en-africa-y-europa\/\"> [&#8230;]<\/a><\/p>\n","protected":false},"author":64,"featured_media":19020,"comment_status":"closed","ping_status":"closed","sticky":false,"template":"","format":"standard","meta":{"footnotes":""},"categories":[6],"tags":[],"class_list":["post-19018","post","type-post","status-publish","format-standard","has-post-thumbnail","hentry","category-culturales"],"_links":{"self":[{"href":"https:\/\/sertv.gob.pa\/crisolfm\/wp-json\/wp\/v2\/posts\/19018","targetHints":{"allow":["GET"]}}],"collection":[{"href":"https:\/\/sertv.gob.pa\/crisolfm\/wp-json\/wp\/v2\/posts"}],"about":[{"href":"https:\/\/sertv.gob.pa\/crisolfm\/wp-json\/wp\/v2\/types\/post"}],"author":[{"embeddable":true,"href":"https:\/\/sertv.gob.pa\/crisolfm\/wp-json\/wp\/v2\/users\/64"}],"replies":[{"embeddable":true,"href":"https:\/\/sertv.gob.pa\/crisolfm\/wp-json\/wp\/v2\/comments?post=19018"}],"version-history":[{"count":1,"href":"https:\/\/sertv.gob.pa\/crisolfm\/wp-json\/wp\/v2\/posts\/19018\/revisions"}],"predecessor-version":[{"id":19021,"href":"https:\/\/sertv.gob.pa\/crisolfm\/wp-json\/wp\/v2\/posts\/19018\/revisions\/19021"}],"wp:featuredmedia":[{"embeddable":true,"href":"https:\/\/sertv.gob.pa\/crisolfm\/wp-json\/wp\/v2\/media\/19020"}],"wp:attachment":[{"href":"https:\/\/sertv.gob.pa\/crisolfm\/wp-json\/wp\/v2\/media?parent=19018"}],"wp:term":[{"taxonomy":"category","embeddable":true,"href":"https:\/\/sertv.gob.pa\/crisolfm\/wp-json\/wp\/v2\/categories?post=19018"},{"taxonomy":"post_tag","embeddable":true,"href":"https:\/\/sertv.gob.pa\/crisolfm\/wp-json\/wp\/v2\/tags?post=19018"}],"curies":[{"name":"wp","href":"https:\/\/api.w.org\/{rel}","templated":true}]}}