{"id":19070,"date":"2019-04-10T14:04:27","date_gmt":"2019-04-10T14:04:27","guid":{"rendered":"https:\/\/sertv.gob.pa\/crisolfm\/?p=19070"},"modified":"2019-04-10T14:04:27","modified_gmt":"2019-04-10T14:04:27","slug":"exhibicion-colectiva-en-la-casa-gongora","status":"publish","type":"post","link":"https:\/\/sertv.gob.pa\/crisolfm\/exhibicion-colectiva-en-la-casa-gongora\/","title":{"rendered":"Exhibici\u00f3n colectiva en la Casa G\u00f3ngora"},"content":{"rendered":"<p>La Casa G\u00f3ngora, Casa de la Cultura y del Artista Paname\u00f1o, localizada en el Casco Antiguo, muestra al p\u00fablico, el 15 de abril, una exposici\u00f3n colectiva de m\u00e1s de 20 artistas nacionales e internacionales. Se presentar\u00e1 arte en forma de dibujo, pintura, escultura grabada y fotograf\u00eda. La actividad es con motivo del D\u00eda Mundial del Arte, que se conmemora cada 15 de abril.<\/p>\n<p>La Asociaci\u00f3n Internacional de Arte de Guadalajara, M\u00e9xico, proclam\u00f3 esta festividad, con el prop\u00f3sito de promover conciencia de la actividad creativa en todo el mundo.<\/p>\n","protected":false},"excerpt":{"rendered":"<p>La Casa G\u00f3ngora, Casa de la Cultura y del Artista <a href=\"https:\/\/sertv.gob.pa\/crisolfm\/exhibicion-colectiva-en-la-casa-gongora\/\"> [&#8230;]<\/a><\/p>\n","protected":false},"author":64,"featured_media":19072,"comment_status":"closed","ping_status":"closed","sticky":false,"template":"","format":"standard","meta":{"footnotes":""},"categories":[6],"tags":[],"class_list":["post-19070","post","type-post","status-publish","format-standard","has-post-thumbnail","hentry","category-culturales"],"_links":{"self":[{"href":"https:\/\/sertv.gob.pa\/crisolfm\/wp-json\/wp\/v2\/posts\/19070","targetHints":{"allow":["GET"]}}],"collection":[{"href":"https:\/\/sertv.gob.pa\/crisolfm\/wp-json\/wp\/v2\/posts"}],"about":[{"href":"https:\/\/sertv.gob.pa\/crisolfm\/wp-json\/wp\/v2\/types\/post"}],"author":[{"embeddable":true,"href":"https:\/\/sertv.gob.pa\/crisolfm\/wp-json\/wp\/v2\/users\/64"}],"replies":[{"embeddable":true,"href":"https:\/\/sertv.gob.pa\/crisolfm\/wp-json\/wp\/v2\/comments?post=19070"}],"version-history":[{"count":1,"href":"https:\/\/sertv.gob.pa\/crisolfm\/wp-json\/wp\/v2\/posts\/19070\/revisions"}],"predecessor-version":[{"id":19073,"href":"https:\/\/sertv.gob.pa\/crisolfm\/wp-json\/wp\/v2\/posts\/19070\/revisions\/19073"}],"wp:featuredmedia":[{"embeddable":true,"href":"https:\/\/sertv.gob.pa\/crisolfm\/wp-json\/wp\/v2\/media\/19072"}],"wp:attachment":[{"href":"https:\/\/sertv.gob.pa\/crisolfm\/wp-json\/wp\/v2\/media?parent=19070"}],"wp:term":[{"taxonomy":"category","embeddable":true,"href":"https:\/\/sertv.gob.pa\/crisolfm\/wp-json\/wp\/v2\/categories?post=19070"},{"taxonomy":"post_tag","embeddable":true,"href":"https:\/\/sertv.gob.pa\/crisolfm\/wp-json\/wp\/v2\/tags?post=19070"}],"curies":[{"name":"wp","href":"https:\/\/api.w.org\/{rel}","templated":true}]}}