{"id":19104,"date":"2019-04-11T13:29:02","date_gmt":"2019-04-11T13:29:02","guid":{"rendered":"https:\/\/sertv.gob.pa\/crisolfm\/?p=19104"},"modified":"2019-04-11T13:29:02","modified_gmt":"2019-04-11T13:29:02","slug":"criticos-premian-documental-guatemalteco","status":"publish","type":"post","link":"https:\/\/sertv.gob.pa\/crisolfm\/criticos-premian-documental-guatemalteco\/","title":{"rendered":"Cr\u00edticos premian documental guatemalteco"},"content":{"rendered":"<p>Es la primera vez que el premio otorgado por la Federaci\u00f3n Internacional de la Prensa Cinematogr\u00e1fica (Fipresci) se da en el marco del Festival Internacional de Cine de Panam\u00e1 (IFF Panam\u00e1), distinci\u00f3n que busca impulsar el cine centroamericano.<\/p>\n<p><strong>\u201cLa asfixia\u201d <\/strong>es\u00a0un drama biogr\u00e1fico donde <strong>Ana Isabel Bustamante<\/strong>, aparte de dirigir la cinta, narra el conflicto armado interno en la\u00a0<a href=\"https:\/\/www.prensa.com\/tema\/guatemala\/\" target=\"_blank\" rel=\"noopener\">Guatemala<\/a> de la d\u00e9cada de 1982, en la cual su padre, junto a 45 mil personas, desaparecieron. \u00abLa pel\u00edcula busca la raz\u00f3n de c\u00f3mo y por qu\u00e9 desaparecieron tantas personas por el solo hecho de pensar diferente a la l\u00ednea de poder de aquel entonces\u201d, se\u00f1ala el cr\u00edtico de cine paname\u00f1o Daniel Dom\u00ednguez Z., quien form\u00f3 parte del jurado de este premio, junto a los cr\u00edticos Jos\u00e9 Teodoro (Canad\u00e1) y Joel del R\u00edo (Cuba).<\/p>\n<p>\u00abEs una pel\u00edcula muy bien investigada, muy bien estructurada, que habla desde lo personal hacia lo universal, porque la historia del padre de la cineasta es, otra vez, la historia de los otros miles de desaparecidos en Guatemala y en el resto de los pa\u00edses centroamericanos, incluyendo a Panam\u00e1\u201d, explica Dom\u00ednguez. Para el cr\u00edtico nacional, esta producci\u00f3n \u201ces la prueba de que el cine sigue siendo un instrumento de denuncia, el cine como proclama para que la justicia sea posible, el cine como la posibilidad de que alg\u00fan d\u00eda los responsables de tanta barbarie terminen en la c\u00e1rcel\u201d.<\/p>\n<p>&nbsp;<\/p>\n","protected":false},"excerpt":{"rendered":"<p>Es la primera vez que el premio otorgado por la <a href=\"https:\/\/sertv.gob.pa\/crisolfm\/criticos-premian-documental-guatemalteco\/\"> [&#8230;]<\/a><\/p>\n","protected":false},"author":64,"featured_media":19106,"comment_status":"closed","ping_status":"closed","sticky":false,"template":"","format":"standard","meta":{"footnotes":""},"categories":[6],"tags":[],"class_list":["post-19104","post","type-post","status-publish","format-standard","has-post-thumbnail","hentry","category-culturales"],"_links":{"self":[{"href":"https:\/\/sertv.gob.pa\/crisolfm\/wp-json\/wp\/v2\/posts\/19104","targetHints":{"allow":["GET"]}}],"collection":[{"href":"https:\/\/sertv.gob.pa\/crisolfm\/wp-json\/wp\/v2\/posts"}],"about":[{"href":"https:\/\/sertv.gob.pa\/crisolfm\/wp-json\/wp\/v2\/types\/post"}],"author":[{"embeddable":true,"href":"https:\/\/sertv.gob.pa\/crisolfm\/wp-json\/wp\/v2\/users\/64"}],"replies":[{"embeddable":true,"href":"https:\/\/sertv.gob.pa\/crisolfm\/wp-json\/wp\/v2\/comments?post=19104"}],"version-history":[{"count":1,"href":"https:\/\/sertv.gob.pa\/crisolfm\/wp-json\/wp\/v2\/posts\/19104\/revisions"}],"predecessor-version":[{"id":19107,"href":"https:\/\/sertv.gob.pa\/crisolfm\/wp-json\/wp\/v2\/posts\/19104\/revisions\/19107"}],"wp:featuredmedia":[{"embeddable":true,"href":"https:\/\/sertv.gob.pa\/crisolfm\/wp-json\/wp\/v2\/media\/19106"}],"wp:attachment":[{"href":"https:\/\/sertv.gob.pa\/crisolfm\/wp-json\/wp\/v2\/media?parent=19104"}],"wp:term":[{"taxonomy":"category","embeddable":true,"href":"https:\/\/sertv.gob.pa\/crisolfm\/wp-json\/wp\/v2\/categories?post=19104"},{"taxonomy":"post_tag","embeddable":true,"href":"https:\/\/sertv.gob.pa\/crisolfm\/wp-json\/wp\/v2\/tags?post=19104"}],"curies":[{"name":"wp","href":"https:\/\/api.w.org\/{rel}","templated":true}]}}