{"id":19113,"date":"2019-04-11T13:51:51","date_gmt":"2019-04-11T13:51:51","guid":{"rendered":"https:\/\/sertv.gob.pa\/crisolfm\/?p=19113"},"modified":"2019-04-11T13:51:51","modified_gmt":"2019-04-11T13:51:51","slug":"premio-revista-k-del-iff-panama-se-lo-lleva-la-produccion-panamena-tierra-adentro","status":"publish","type":"post","link":"https:\/\/sertv.gob.pa\/crisolfm\/premio-revista-k-del-iff-panama-se-lo-lleva-la-produccion-panamena-tierra-adentro\/","title":{"rendered":"Premio revista &#8216;K&#8217; del IFF Panam\u00e1 se lo lleva la producci\u00f3n paname\u00f1a Tierra Adentro"},"content":{"rendered":"<p>La producci\u00f3n paname\u00f1a Tierra Adentro, del director italiano Mauro Colombo, se llev\u00f3 el premio revista &#8216;K&#8217; al \u2018Mejor Documental elegido por el p\u00fablico\u2019 en el Festival Internacional de Cine de Panam\u00e1 (IFF Panam\u00e1) 2019.<\/p>\n<p>Este documental trata de la selva del Dari\u00e9n \u201ca trav\u00e9s de las diferentes percepciones de los protagonistas que viven o pasan o se encuentran en este territorio\u00bb, seg\u00fan describi\u00f3 su productor en una entrevista. Este premio fue entregado junto a otros tres en el cierre de la octava edici\u00f3n del IFF Panam\u00e1.<\/p>\n<p>&nbsp;<\/p>\n<p>&nbsp;<\/p>\n","protected":false},"excerpt":{"rendered":"<p>La producci\u00f3n paname\u00f1a Tierra Adentro, del director italiano Mauro Colombo, <a href=\"https:\/\/sertv.gob.pa\/crisolfm\/premio-revista-k-del-iff-panama-se-lo-lleva-la-produccion-panamena-tierra-adentro\/\"> [&#8230;]<\/a><\/p>\n","protected":false},"author":64,"featured_media":19115,"comment_status":"closed","ping_status":"closed","sticky":false,"template":"","format":"standard","meta":{"footnotes":""},"categories":[6],"tags":[],"class_list":["post-19113","post","type-post","status-publish","format-standard","has-post-thumbnail","hentry","category-culturales"],"_links":{"self":[{"href":"https:\/\/sertv.gob.pa\/crisolfm\/wp-json\/wp\/v2\/posts\/19113","targetHints":{"allow":["GET"]}}],"collection":[{"href":"https:\/\/sertv.gob.pa\/crisolfm\/wp-json\/wp\/v2\/posts"}],"about":[{"href":"https:\/\/sertv.gob.pa\/crisolfm\/wp-json\/wp\/v2\/types\/post"}],"author":[{"embeddable":true,"href":"https:\/\/sertv.gob.pa\/crisolfm\/wp-json\/wp\/v2\/users\/64"}],"replies":[{"embeddable":true,"href":"https:\/\/sertv.gob.pa\/crisolfm\/wp-json\/wp\/v2\/comments?post=19113"}],"version-history":[{"count":1,"href":"https:\/\/sertv.gob.pa\/crisolfm\/wp-json\/wp\/v2\/posts\/19113\/revisions"}],"predecessor-version":[{"id":19116,"href":"https:\/\/sertv.gob.pa\/crisolfm\/wp-json\/wp\/v2\/posts\/19113\/revisions\/19116"}],"wp:featuredmedia":[{"embeddable":true,"href":"https:\/\/sertv.gob.pa\/crisolfm\/wp-json\/wp\/v2\/media\/19115"}],"wp:attachment":[{"href":"https:\/\/sertv.gob.pa\/crisolfm\/wp-json\/wp\/v2\/media?parent=19113"}],"wp:term":[{"taxonomy":"category","embeddable":true,"href":"https:\/\/sertv.gob.pa\/crisolfm\/wp-json\/wp\/v2\/categories?post=19113"},{"taxonomy":"post_tag","embeddable":true,"href":"https:\/\/sertv.gob.pa\/crisolfm\/wp-json\/wp\/v2\/tags?post=19113"}],"curies":[{"name":"wp","href":"https:\/\/api.w.org\/{rel}","templated":true}]}}