{"id":19121,"date":"2019-04-11T14:13:07","date_gmt":"2019-04-11T14:13:07","guid":{"rendered":"https:\/\/sertv.gob.pa\/crisolfm\/?p=19121"},"modified":"2019-04-11T14:13:07","modified_gmt":"2019-04-11T14:13:07","slug":"en-italia-yael-danon-representara-a-panama-en-concurso-musical","status":"publish","type":"post","link":"https:\/\/sertv.gob.pa\/crisolfm\/en-italia-yael-danon-representara-a-panama-en-concurso-musical\/","title":{"rendered":"En Italia, Yael Danon representar\u00e1 a Panam\u00e1 en concurso musical"},"content":{"rendered":"<p>La cantante paname\u00f1a,\u00a0<a href=\"https:\/\/www.prensa.com\/tema\/yael_danon\/\" target=\"_blank\" rel=\"noopener\">Yael Danon<\/a>, participar\u00e1 en la d\u00e9cima edici\u00f3n del concurso internacional de San Remo Junior en Italia.\u00a0Danon actuar\u00e1 en la categor\u00eda A3, ni\u00f1os entre 13 y 15 a\u00f1os, y cantar\u00e1 por primera vez su sencillo\u00a0<strong>To Change<\/strong>, que ser\u00e1 lanzado en las pr\u00f3ximas semanas en Panam\u00e1.<\/p>\n<p>El concurso es la \u00fanica competencia internacional dirigida a solistas de cualquier parte del mundo, con edades entre los 6 y 15 a\u00f1os, que gozan del patrocinio oficial de la ciudad de San Remo. La final se realizar\u00e1 el 1 de mayo pr\u00f3ximo en el teatro Ariston.<\/p>\n","protected":false},"excerpt":{"rendered":"<p>La cantante paname\u00f1a,\u00a0Yael Danon, participar\u00e1 en la d\u00e9cima edici\u00f3n del <a href=\"https:\/\/sertv.gob.pa\/crisolfm\/en-italia-yael-danon-representara-a-panama-en-concurso-musical\/\"> [&#8230;]<\/a><\/p>\n","protected":false},"author":64,"featured_media":19123,"comment_status":"closed","ping_status":"closed","sticky":false,"template":"","format":"standard","meta":{"footnotes":""},"categories":[6],"tags":[],"class_list":["post-19121","post","type-post","status-publish","format-standard","has-post-thumbnail","hentry","category-culturales"],"_links":{"self":[{"href":"https:\/\/sertv.gob.pa\/crisolfm\/wp-json\/wp\/v2\/posts\/19121","targetHints":{"allow":["GET"]}}],"collection":[{"href":"https:\/\/sertv.gob.pa\/crisolfm\/wp-json\/wp\/v2\/posts"}],"about":[{"href":"https:\/\/sertv.gob.pa\/crisolfm\/wp-json\/wp\/v2\/types\/post"}],"author":[{"embeddable":true,"href":"https:\/\/sertv.gob.pa\/crisolfm\/wp-json\/wp\/v2\/users\/64"}],"replies":[{"embeddable":true,"href":"https:\/\/sertv.gob.pa\/crisolfm\/wp-json\/wp\/v2\/comments?post=19121"}],"version-history":[{"count":1,"href":"https:\/\/sertv.gob.pa\/crisolfm\/wp-json\/wp\/v2\/posts\/19121\/revisions"}],"predecessor-version":[{"id":19124,"href":"https:\/\/sertv.gob.pa\/crisolfm\/wp-json\/wp\/v2\/posts\/19121\/revisions\/19124"}],"wp:featuredmedia":[{"embeddable":true,"href":"https:\/\/sertv.gob.pa\/crisolfm\/wp-json\/wp\/v2\/media\/19123"}],"wp:attachment":[{"href":"https:\/\/sertv.gob.pa\/crisolfm\/wp-json\/wp\/v2\/media?parent=19121"}],"wp:term":[{"taxonomy":"category","embeddable":true,"href":"https:\/\/sertv.gob.pa\/crisolfm\/wp-json\/wp\/v2\/categories?post=19121"},{"taxonomy":"post_tag","embeddable":true,"href":"https:\/\/sertv.gob.pa\/crisolfm\/wp-json\/wp\/v2\/tags?post=19121"}],"curies":[{"name":"wp","href":"https:\/\/api.w.org\/{rel}","templated":true}]}}