{"id":19167,"date":"2019-04-12T14:30:48","date_gmt":"2019-04-12T14:30:48","guid":{"rendered":"https:\/\/sertv.gob.pa\/crisolfm\/?p=19167"},"modified":"2019-04-12T14:30:48","modified_gmt":"2019-04-12T14:30:48","slug":"inodoros-ecologicos-a-7-000-metros-de-altitud-en-el-everest","status":"publish","type":"post","link":"https:\/\/sertv.gob.pa\/crisolfm\/inodoros-ecologicos-a-7-000-metros-de-altitud-en-el-everest\/","title":{"rendered":"Inodoros &#8216;ecol\u00f3gicos&#8217; a 7.000 metros de altitud en el Everest"},"content":{"rendered":"<p>Los alpinistas que se vean sorprendidos por unas ganas urgentes de aliviarse en el Everest podr\u00e1n hacerlo pronto en los inodoros \u00abecol\u00f3gicos\u00bb situados a 7.028 metros de altitud, en la vertiente china de las monta\u00f1as del Himalaya, una medida destinada a limitar la contaminaci\u00f3n. La creciente actividad tur\u00edstica durante las \u00faltimas d\u00e9cadas provoc\u00f3 en las pendientes de la cima m\u00e1s alta del mundo (8.848 metros) una acumulaci\u00f3n de desechos dejados por los monta\u00f1istas: carpas, material, bombonas de gas, e incluso excrementos.<\/p>\n<p>Durante el periodo de ascensi\u00f3n que dar\u00e1 comienzo en primavera, una empresa china instalar\u00e1 en el campamento base m\u00e1s alto del T\u00edbet lo que los medios estatales llaman inodoros \u00abecol\u00f3gicos\u00bb. Ser\u00e1n temporales y ser\u00e1n retirados al t\u00e9rmino de la temporada. \u00abCon los inodoros es m\u00e1s f\u00e1cil recoger los desechos humanos generados por los escaladores. Hay un barril con bolsas de basura bajo la instalaci\u00f3n\u00bb, declar\u00f3 Pema Tinley, vicesecretario general de la Asociaci\u00f3n de Alpinismo de la regi\u00f3n del T\u00edbet, citado por la agencia de prensa china Xinhua. Los excrementos y la orina ser\u00e1n recogidos y transportados r\u00edo abajo.<\/p>\n<p>AFP<\/p>\n","protected":false},"excerpt":{"rendered":"<p>Los alpinistas que se vean sorprendidos por unas ganas urgentes <a href=\"https:\/\/sertv.gob.pa\/crisolfm\/inodoros-ecologicos-a-7-000-metros-de-altitud-en-el-everest\/\"> [&#8230;]<\/a><\/p>\n","protected":false},"author":64,"featured_media":19170,"comment_status":"closed","ping_status":"closed","sticky":false,"template":"","format":"standard","meta":{"footnotes":""},"categories":[7],"tags":[],"class_list":["post-19167","post","type-post","status-publish","format-standard","has-post-thumbnail","hentry","category-ecologicas"],"_links":{"self":[{"href":"https:\/\/sertv.gob.pa\/crisolfm\/wp-json\/wp\/v2\/posts\/19167","targetHints":{"allow":["GET"]}}],"collection":[{"href":"https:\/\/sertv.gob.pa\/crisolfm\/wp-json\/wp\/v2\/posts"}],"about":[{"href":"https:\/\/sertv.gob.pa\/crisolfm\/wp-json\/wp\/v2\/types\/post"}],"author":[{"embeddable":true,"href":"https:\/\/sertv.gob.pa\/crisolfm\/wp-json\/wp\/v2\/users\/64"}],"replies":[{"embeddable":true,"href":"https:\/\/sertv.gob.pa\/crisolfm\/wp-json\/wp\/v2\/comments?post=19167"}],"version-history":[{"count":1,"href":"https:\/\/sertv.gob.pa\/crisolfm\/wp-json\/wp\/v2\/posts\/19167\/revisions"}],"predecessor-version":[{"id":19171,"href":"https:\/\/sertv.gob.pa\/crisolfm\/wp-json\/wp\/v2\/posts\/19167\/revisions\/19171"}],"wp:featuredmedia":[{"embeddable":true,"href":"https:\/\/sertv.gob.pa\/crisolfm\/wp-json\/wp\/v2\/media\/19170"}],"wp:attachment":[{"href":"https:\/\/sertv.gob.pa\/crisolfm\/wp-json\/wp\/v2\/media?parent=19167"}],"wp:term":[{"taxonomy":"category","embeddable":true,"href":"https:\/\/sertv.gob.pa\/crisolfm\/wp-json\/wp\/v2\/categories?post=19167"},{"taxonomy":"post_tag","embeddable":true,"href":"https:\/\/sertv.gob.pa\/crisolfm\/wp-json\/wp\/v2\/tags?post=19167"}],"curies":[{"name":"wp","href":"https:\/\/api.w.org\/{rel}","templated":true}]}}