{"id":19187,"date":"2019-04-12T15:23:44","date_gmt":"2019-04-12T15:23:44","guid":{"rendered":"https:\/\/sertv.gob.pa\/crisolfm\/?p=19187"},"modified":"2019-04-12T15:23:44","modified_gmt":"2019-04-12T15:23:44","slug":"el-verdadero-significado-del-domingo-de-ramos","status":"publish","type":"post","link":"https:\/\/sertv.gob.pa\/crisolfm\/el-verdadero-significado-del-domingo-de-ramos\/","title":{"rendered":"El verdadero significado del Domingo de Ramos"},"content":{"rendered":"<p>La Semana Mayor inicia con el Domingo de Ramos, celebraci\u00f3n de la llegada triunfante de Jes\u00fas a Jerusal\u00e9n. El capell\u00e1n de la Polic\u00eda Nacional de Veraguas Noel Pinz\u00f3n, explic\u00f3 que los ramos los us\u00f3 el pueblo jud\u00edo, como parte del recibimiento a Jesucristo, a quien lo acogieron como el rey. \u201cEl pueblo jud\u00edo lo acogen como rey terrenal, no como el reinado que ofrec\u00eda Dios, que era rey de los cielos\u201d, cont\u00f3. Record\u00f3 que en aquellos tiempos las ramas de olivos se les pon\u00edan a los grandes personajes de la sociedad como s\u00edmbolo de corona en la cabeza. A\u00f1adi\u00f3 que se le llama bendita porque se bendicen, por lo general usan palmas naturales de gunzo, palma real o el cogollo de la palma de coco.<\/p>\n<p>Por su parte, el sacerdote de la Catedral San Jos\u00e9 de David, Rury Guti\u00e9rrez, asever\u00f3 que, en la actualidad, el Domingo de Ramos tiene un doble sentido, siendo el primordial celebrar la entrada de Jesucristo a Jerusal\u00e9n previo a su pasi\u00f3n, muerte y resurrecci\u00f3n. Los ramos prefiguran la victoria de Cristo resucitado. \u201cEntramos con Jes\u00fas a Jerusal\u00e9n para adolecer y morir con \u00e9l de una manera m\u00edstica, dejando todo lo que nos hace sufrir y no nos deja vivir como hijos amados de Dios\u201d, nos manifest\u00f3 Guti\u00e9rrez. Les aconseja a las personas que dejen de pensar que tienen que hacer las cosas y dejar que Dios construya todo, porque es la \u00fanica forma de ser dichoso.<\/p>\n<p>&nbsp;<\/p>\n<p>&nbsp;<\/p>\n","protected":false},"excerpt":{"rendered":"<p>La Semana Mayor inicia con el Domingo de Ramos, celebraci\u00f3n <a href=\"https:\/\/sertv.gob.pa\/crisolfm\/el-verdadero-significado-del-domingo-de-ramos\/\"> [&#8230;]<\/a><\/p>\n","protected":false},"author":64,"featured_media":19189,"comment_status":"closed","ping_status":"closed","sticky":false,"template":"","format":"standard","meta":{"footnotes":""},"categories":[6],"tags":[],"class_list":["post-19187","post","type-post","status-publish","format-standard","has-post-thumbnail","hentry","category-culturales"],"_links":{"self":[{"href":"https:\/\/sertv.gob.pa\/crisolfm\/wp-json\/wp\/v2\/posts\/19187","targetHints":{"allow":["GET"]}}],"collection":[{"href":"https:\/\/sertv.gob.pa\/crisolfm\/wp-json\/wp\/v2\/posts"}],"about":[{"href":"https:\/\/sertv.gob.pa\/crisolfm\/wp-json\/wp\/v2\/types\/post"}],"author":[{"embeddable":true,"href":"https:\/\/sertv.gob.pa\/crisolfm\/wp-json\/wp\/v2\/users\/64"}],"replies":[{"embeddable":true,"href":"https:\/\/sertv.gob.pa\/crisolfm\/wp-json\/wp\/v2\/comments?post=19187"}],"version-history":[{"count":1,"href":"https:\/\/sertv.gob.pa\/crisolfm\/wp-json\/wp\/v2\/posts\/19187\/revisions"}],"predecessor-version":[{"id":19190,"href":"https:\/\/sertv.gob.pa\/crisolfm\/wp-json\/wp\/v2\/posts\/19187\/revisions\/19190"}],"wp:featuredmedia":[{"embeddable":true,"href":"https:\/\/sertv.gob.pa\/crisolfm\/wp-json\/wp\/v2\/media\/19189"}],"wp:attachment":[{"href":"https:\/\/sertv.gob.pa\/crisolfm\/wp-json\/wp\/v2\/media?parent=19187"}],"wp:term":[{"taxonomy":"category","embeddable":true,"href":"https:\/\/sertv.gob.pa\/crisolfm\/wp-json\/wp\/v2\/categories?post=19187"},{"taxonomy":"post_tag","embeddable":true,"href":"https:\/\/sertv.gob.pa\/crisolfm\/wp-json\/wp\/v2\/tags?post=19187"}],"curies":[{"name":"wp","href":"https:\/\/api.w.org\/{rel}","templated":true}]}}