{"id":19195,"date":"2019-04-12T15:36:00","date_gmt":"2019-04-12T15:36:00","guid":{"rendered":"https:\/\/sertv.gob.pa\/crisolfm\/?p=19195"},"modified":"2019-04-12T15:36:00","modified_gmt":"2019-04-12T15:36:00","slug":"cientificos-inventan-madera-transparente-en-busca-de-material-de-construccion-ecologico","status":"publish","type":"post","link":"https:\/\/sertv.gob.pa\/crisolfm\/cientificos-inventan-madera-transparente-en-busca-de-material-de-construccion-ecologico\/","title":{"rendered":"Cient\u00edficos inventan \u201cmadera transparente\u201d en busca de material de construcci\u00f3n ecol\u00f3gico"},"content":{"rendered":"<p>En una era de construcci\u00f3n de vidrio y acero, la madera puede parecer antigua. Pero ahora los investigadores dicen que le han dado a la madera un cambio de imagen para producir un material que no solo es resistente, sino que tambi\u00e9n es transparente y capaz de almacenar y liberar calor. Los investigadores dicen que <strong>el material podr\u00eda usarse en la construcci\u00f3n<\/strong> de viviendas energ\u00e9ticamente eficientes y que esperan desarrollar una versi\u00f3n biodegradable para aumentar sus credenciales ecol\u00f3gicas como una alternativa al pl\u00e1stico, el vidrio o incluso el cemento.<\/p>\n<p>\u201cPreparamos un material que es multifuncional: puede transmitir la luz muy bien y tambi\u00e9n puede almacenar calor. Combinamos estas <em>dos funciones en un solo material<\/em> \u00ab, dijo C\u00e9line Montanari del Real Instituto de Tecnolog\u00eda KTH de Estocolmo. Montanari present\u00f3 su trabajo en la reuni\u00f3n nacional de primavera de la American Chemical Society en Orlando.<\/p>\n<p>ECOticias<\/p>\n","protected":false},"excerpt":{"rendered":"<p>En una era de construcci\u00f3n de vidrio y acero, la <a href=\"https:\/\/sertv.gob.pa\/crisolfm\/cientificos-inventan-madera-transparente-en-busca-de-material-de-construccion-ecologico\/\"> [&#8230;]<\/a><\/p>\n","protected":false},"author":64,"featured_media":19197,"comment_status":"closed","ping_status":"closed","sticky":false,"template":"","format":"standard","meta":{"footnotes":""},"categories":[7],"tags":[],"class_list":["post-19195","post","type-post","status-publish","format-standard","has-post-thumbnail","hentry","category-ecologicas"],"_links":{"self":[{"href":"https:\/\/sertv.gob.pa\/crisolfm\/wp-json\/wp\/v2\/posts\/19195","targetHints":{"allow":["GET"]}}],"collection":[{"href":"https:\/\/sertv.gob.pa\/crisolfm\/wp-json\/wp\/v2\/posts"}],"about":[{"href":"https:\/\/sertv.gob.pa\/crisolfm\/wp-json\/wp\/v2\/types\/post"}],"author":[{"embeddable":true,"href":"https:\/\/sertv.gob.pa\/crisolfm\/wp-json\/wp\/v2\/users\/64"}],"replies":[{"embeddable":true,"href":"https:\/\/sertv.gob.pa\/crisolfm\/wp-json\/wp\/v2\/comments?post=19195"}],"version-history":[{"count":1,"href":"https:\/\/sertv.gob.pa\/crisolfm\/wp-json\/wp\/v2\/posts\/19195\/revisions"}],"predecessor-version":[{"id":19198,"href":"https:\/\/sertv.gob.pa\/crisolfm\/wp-json\/wp\/v2\/posts\/19195\/revisions\/19198"}],"wp:featuredmedia":[{"embeddable":true,"href":"https:\/\/sertv.gob.pa\/crisolfm\/wp-json\/wp\/v2\/media\/19197"}],"wp:attachment":[{"href":"https:\/\/sertv.gob.pa\/crisolfm\/wp-json\/wp\/v2\/media?parent=19195"}],"wp:term":[{"taxonomy":"category","embeddable":true,"href":"https:\/\/sertv.gob.pa\/crisolfm\/wp-json\/wp\/v2\/categories?post=19195"},{"taxonomy":"post_tag","embeddable":true,"href":"https:\/\/sertv.gob.pa\/crisolfm\/wp-json\/wp\/v2\/tags?post=19195"}],"curies":[{"name":"wp","href":"https:\/\/api.w.org\/{rel}","templated":true}]}}