{"id":19199,"date":"2019-04-12T15:42:43","date_gmt":"2019-04-12T15:42:43","guid":{"rendered":"https:\/\/sertv.gob.pa\/crisolfm\/?p=19199"},"modified":"2019-04-12T15:42:43","modified_gmt":"2019-04-12T15:42:43","slug":"rusia-promete-liberar-a-orcas-y-belugas-de-la-carcel-de-las-ballenas","status":"publish","type":"post","link":"https:\/\/sertv.gob.pa\/crisolfm\/rusia-promete-liberar-a-orcas-y-belugas-de-la-carcel-de-las-ballenas\/","title":{"rendered":"Rusia promete liberar a orcas y belugas de la \u00abc\u00e1rcel de las ballenas\u00bb"},"content":{"rendered":"<p>Las autoridades rusas se han comprometido esta semana a liberar a <strong>un total de 10 orcas y 87 belugas<\/strong> de peque\u00f1os recintos localizadas en la bah\u00eda de Srednyaya &#8211;cercana a la ciudad de Najodka, en el este del pa\u00eds&#8211; despu\u00e9s de las protestas de ONG animalistas, que describen el lugar como la \u00abc\u00e1rcel de las ballenas\u00bb.<\/p>\n<p>\u00abHemos tomado la decisi\u00f3n fundamental de devolver a<em> los cet\u00e1ceos a su h\u00e1bitat natural<\/em>\u00ab, han dicho a trav\u00e9s de un comunicado el gobernador de la regi\u00f3n de Primorsky &#8211;donde se sit\u00faa el enclave&#8211;, Oleg Kozhemkayo; el fundador de la ONG &#8216;Ocean Futures Society&#8217;, Jean-Michel Cousteau; y el director ejecutivo de la ONG &#8216;Whale Sanctuary Project&#8217;, Charles Vinick, despu\u00e9s de visitar el lugar ante la invitaci\u00f3n de las autoridades. \u00abNuestro objetivo es liberarlos a todos\u00bb, han subrayado.<\/p>\n<p>La pol\u00e9mica se remonta a 2018, cuando activistas y organizaciones animalistas comenzaron a denunciar a medios de comunicaci\u00f3n locales las condiciones de estos recintos, se\u00f1alando que algunos de los animales que se hab\u00edan capturado eran demasiado j\u00f3venes (algo ilegal bajo la legislaci\u00f3n rusa); que las aguas donde se mueven est\u00e1n heladas; la comida, en mal estado; que tienen poco espacio para moverse, etc.<\/p>\n<p>ECOticias<\/p>\n","protected":false},"excerpt":{"rendered":"<p>Las autoridades rusas se han comprometido esta semana a liberar <a href=\"https:\/\/sertv.gob.pa\/crisolfm\/rusia-promete-liberar-a-orcas-y-belugas-de-la-carcel-de-las-ballenas\/\"> [&#8230;]<\/a><\/p>\n","protected":false},"author":64,"featured_media":19201,"comment_status":"closed","ping_status":"closed","sticky":false,"template":"","format":"standard","meta":{"footnotes":""},"categories":[7],"tags":[],"class_list":["post-19199","post","type-post","status-publish","format-standard","has-post-thumbnail","hentry","category-ecologicas"],"_links":{"self":[{"href":"https:\/\/sertv.gob.pa\/crisolfm\/wp-json\/wp\/v2\/posts\/19199","targetHints":{"allow":["GET"]}}],"collection":[{"href":"https:\/\/sertv.gob.pa\/crisolfm\/wp-json\/wp\/v2\/posts"}],"about":[{"href":"https:\/\/sertv.gob.pa\/crisolfm\/wp-json\/wp\/v2\/types\/post"}],"author":[{"embeddable":true,"href":"https:\/\/sertv.gob.pa\/crisolfm\/wp-json\/wp\/v2\/users\/64"}],"replies":[{"embeddable":true,"href":"https:\/\/sertv.gob.pa\/crisolfm\/wp-json\/wp\/v2\/comments?post=19199"}],"version-history":[{"count":1,"href":"https:\/\/sertv.gob.pa\/crisolfm\/wp-json\/wp\/v2\/posts\/19199\/revisions"}],"predecessor-version":[{"id":19202,"href":"https:\/\/sertv.gob.pa\/crisolfm\/wp-json\/wp\/v2\/posts\/19199\/revisions\/19202"}],"wp:featuredmedia":[{"embeddable":true,"href":"https:\/\/sertv.gob.pa\/crisolfm\/wp-json\/wp\/v2\/media\/19201"}],"wp:attachment":[{"href":"https:\/\/sertv.gob.pa\/crisolfm\/wp-json\/wp\/v2\/media?parent=19199"}],"wp:term":[{"taxonomy":"category","embeddable":true,"href":"https:\/\/sertv.gob.pa\/crisolfm\/wp-json\/wp\/v2\/categories?post=19199"},{"taxonomy":"post_tag","embeddable":true,"href":"https:\/\/sertv.gob.pa\/crisolfm\/wp-json\/wp\/v2\/tags?post=19199"}],"curies":[{"name":"wp","href":"https:\/\/api.w.org\/{rel}","templated":true}]}}