{"id":19212,"date":"2019-04-15T14:02:22","date_gmt":"2019-04-15T14:02:22","guid":{"rendered":"https:\/\/sertv.gob.pa\/crisolfm\/?p=19212"},"modified":"2019-04-15T14:02:22","modified_gmt":"2019-04-15T14:02:22","slug":"machu-picchu-encuentra-en-el-reciclaje-el-camino-para-su-salvacion","status":"publish","type":"post","link":"https:\/\/sertv.gob.pa\/crisolfm\/machu-picchu-encuentra-en-el-reciclaje-el-camino-para-su-salvacion\/","title":{"rendered":"Machu Picchu encuentra en el reciclaje el camino para su salvaci\u00f3n"},"content":{"rendered":"<p>La formidable ciudadela peruana de\u00a0Machu\u00a0Picchu ha encontrado en el reciclaje, la sustentabilidad y la \u00abeconom\u00eda circular\u00bb el camino para su salvaci\u00f3n frente al acoso que supone la explotaci\u00f3n tur\u00edstica y los residuos que asedian este Patrimonio Cultural de la Humanidad. Autoridades, pobladores y las empresas Grupo Aje e Inkaterra inauguraron la pasada semana una planta de tratamiento de residuos org\u00e1nicos que permitir\u00e1 procesar las 8 toneladas de desechos diarios que genera el turismo y convertirlas en biocarb\u00f3n, un poderoso fertilizante que se emplear\u00e1 para impulsar la reforestaci\u00f3n del parque natural que alberga la ciudadela.<\/p>\n<p>Esta planta se une a otras dos que ya existen en la zona, una que transforma en biodiesel y glicerina el aceite usado por 200 hoteles y restaurantes que operan al pie de las ruinas y otra que compacta los cientos de kilos de pl\u00e1sticos que dejan cada d\u00eda los 4.000 visitantes que acceden al \u00e1rea protegida del santuario. De este modo,\u00a0Machu\u00a0Picchu pueblo ser\u00e1 la primera comunidad en Latinoam\u00e9rica en reciclar el 100 % de sus residuos s\u00f3lidos y convertirlos en \u00abun recurso en lugar de un problema\u00bb y su poblaci\u00f3n en \u00abun modelo de ciudad sostenible\u00bb, como apunt\u00f3 Jorge L\u00f3pez-D\u00f3riga, director ejecutivo de Comunicaciones del Grupo Aje, multinacional peruana dedicada a las bebidas.<\/p>\n<p>La iniciativa, cont\u00f3 a Efe Liza Mas\u00edas, responsable de mercadeo de la cadena de hoteles ecol\u00f3gicos Inkaterra en Per\u00fa, surgi\u00f3 como respuesta inmediata a la posibilidad de que la Unesco retirara a\u00a0Machu\u00a0Picchu su estatus de Patrimonio de la Humanidad debido al mal manejo de sus residuos.<\/p>\n<p>EFE<\/p>\n","protected":false},"excerpt":{"rendered":"<p>La formidable ciudadela peruana de\u00a0Machu\u00a0Picchu ha encontrado en el reciclaje, <a href=\"https:\/\/sertv.gob.pa\/crisolfm\/machu-picchu-encuentra-en-el-reciclaje-el-camino-para-su-salvacion\/\"> [&#8230;]<\/a><\/p>\n","protected":false},"author":64,"featured_media":19214,"comment_status":"closed","ping_status":"closed","sticky":false,"template":"","format":"standard","meta":{"footnotes":""},"categories":[7],"tags":[],"class_list":["post-19212","post","type-post","status-publish","format-standard","has-post-thumbnail","hentry","category-ecologicas"],"_links":{"self":[{"href":"https:\/\/sertv.gob.pa\/crisolfm\/wp-json\/wp\/v2\/posts\/19212","targetHints":{"allow":["GET"]}}],"collection":[{"href":"https:\/\/sertv.gob.pa\/crisolfm\/wp-json\/wp\/v2\/posts"}],"about":[{"href":"https:\/\/sertv.gob.pa\/crisolfm\/wp-json\/wp\/v2\/types\/post"}],"author":[{"embeddable":true,"href":"https:\/\/sertv.gob.pa\/crisolfm\/wp-json\/wp\/v2\/users\/64"}],"replies":[{"embeddable":true,"href":"https:\/\/sertv.gob.pa\/crisolfm\/wp-json\/wp\/v2\/comments?post=19212"}],"version-history":[{"count":1,"href":"https:\/\/sertv.gob.pa\/crisolfm\/wp-json\/wp\/v2\/posts\/19212\/revisions"}],"predecessor-version":[{"id":19215,"href":"https:\/\/sertv.gob.pa\/crisolfm\/wp-json\/wp\/v2\/posts\/19212\/revisions\/19215"}],"wp:featuredmedia":[{"embeddable":true,"href":"https:\/\/sertv.gob.pa\/crisolfm\/wp-json\/wp\/v2\/media\/19214"}],"wp:attachment":[{"href":"https:\/\/sertv.gob.pa\/crisolfm\/wp-json\/wp\/v2\/media?parent=19212"}],"wp:term":[{"taxonomy":"category","embeddable":true,"href":"https:\/\/sertv.gob.pa\/crisolfm\/wp-json\/wp\/v2\/categories?post=19212"},{"taxonomy":"post_tag","embeddable":true,"href":"https:\/\/sertv.gob.pa\/crisolfm\/wp-json\/wp\/v2\/tags?post=19212"}],"curies":[{"name":"wp","href":"https:\/\/api.w.org\/{rel}","templated":true}]}}